{"id":1086,"date":"2018-02-26T09:38:49","date_gmt":"2018-02-26T08:38:49","guid":{"rendered":"http:\/\/soundundvision.org\/?p=1086"},"modified":"2019-09-08T20:26:18","modified_gmt":"2019-09-08T18:26:18","slug":"berlinale-2018-interview-mit-dr-rainer-rother","status":"publish","type":"post","link":"https:\/\/soundundvision.org\/?p=1086","title":{"rendered":"Berlinale 2018 &#8211; Interview mit Dr. Rainer Rother"},"content":{"rendered":"<p><em><span style=\"font-family: Arial,sans-serif;\"><span style=\"font-size: large;\">Retrospektive \u201eWeimarer Kino &#8211; neu gesehen\u201c<\/span><\/span><\/em><\/p>\n<p><span style=\"font-family: Times New Roman,serif;\"><span style=\"font-size: medium;\"><span style=\"font-family: Arial,sans-serif;\"><span style=\"font-size: large;\">In der diesj\u00e4hrigen <a href=\"https:\/\/www.berlinale.de\/de\/das_festival\/sektionen_sonderveranstaltungen\/retrospektive\/index.html\" target=\"_blank\" rel=\"noopener noreferrer\">Retrospektive<\/a> der <a href=\"https:\/\/www.berlinale.de\/de\/HomePage.html\" target=\"_blank\" rel=\"noopener noreferrer\">Berlinale<\/a> sind um die 30 Lang- und Kurzfilme zu sehen, die alle zwischen 1918 und 1933 entstanden sind. Neben vielen Stummfilmen, die hier in Berlin allesamt mit Livemusik im Kinosaal aufgef\u00fchrt werden, sind auch fr\u00fche Tonfilme und erste Filmexperimente mit Farbe im Programm. <\/span><\/span><\/span><\/span><\/p>\n<p><span style=\"font-family: Times New Roman,serif;\"><span style=\"font-size: medium;\"><span style=\"font-family: Arial,sans-serif;\"><span style=\"font-size: large;\">Parallel zur Retrospektive l\u00e4uft in der Deutschen <a href=\"https:\/\/www.deutsche-kinemathek.de\/\" target=\"_blank\" rel=\"noopener noreferrer\">Kinemathek \u2013 Museum f\u00fcr Film und Fernsehen<\/a> am Potsdamer Platz auch noch die Ausstellung <a href=\"https:\/\/www.deutsche-kinemathek.de\/ausstellungen\/2017\/die-ufa\" target=\"_blank\" rel=\"noopener noreferrer\">\u201eDie UFA \u2013 Geschichte einer Marke\u201c<\/a> zum 100-j\u00e4hrigen Bestehen dieser einflussreichen <\/span><\/span><\/span><\/span><span style=\"font-family: Times New Roman,serif;\"><span style=\"font-size: medium;\"><span style=\"font-family: Arial,sans-serif;\"><span style=\"font-size: large;\">Produktionsfirma.<\/span><\/span><\/span><\/span><\/p>\n<p><a href=\"http:\/\/soundundvision.org\/wp-content\/uploads\/2018\/02\/Retrospektive-Filmhaus.jpg\"><img loading=\"lazy\" decoding=\"async\" class=\"alignnone size-medium wp-image-1089\" src=\"http:\/\/soundundvision.org\/wp-content\/uploads\/2018\/02\/Retrospektive-Filmhaus-300x225.jpg\" alt=\"\" width=\"300\" height=\"225\" srcset=\"https:\/\/soundundvision.org\/wp-content\/uploads\/2018\/02\/Retrospektive-Filmhaus-300x225.jpg 300w, https:\/\/soundundvision.org\/wp-content\/uploads\/2018\/02\/Retrospektive-Filmhaus-768x576.jpg 768w, https:\/\/soundundvision.org\/wp-content\/uploads\/2018\/02\/Retrospektive-Filmhaus.jpg 1000w\" sizes=\"auto, (max-width: 300px) 100vw, 300px\" \/><\/a><\/p>\n<p><span style=\"font-family: Times New Roman,serif;\"><span style=\"font-size: medium;\"><span style=\"font-family: Arial,sans-serif;\"><span style=\"font-size: large;\">\u00dcber beides habe ich mit Dr. Rainer Rother, dem <\/span><\/span><span style=\"font-family: Arial,sans-serif;\"><span style=\"font-size: large;\">k\u00fcnstlerischen Direktor der Deutschen Kinemathek \u2013 Museum f\u00fcr Film und Fernsehen und Leiter der Retrospektive gesprochen.<\/span><\/span><\/span><\/span><\/p>\n<audio class=\"wp-audio-shortcode\" id=\"audio-1086-1\" preload=\"none\" style=\"width: 100%;\" controls=\"controls\"><source type=\"audio\/mpeg\" src=\"http:\/\/soundundvision.org\/wp-content\/uploads\/2018\/02\/Retrospektive-Dr.-Rainer-Rother-Interview-Deutsche-Kinemathek-18.02.2018_kurz.mp3?_=1\" \/><a href=\"http:\/\/soundundvision.org\/wp-content\/uploads\/2018\/02\/Retrospektive-Dr.-Rainer-Rother-Interview-Deutsche-Kinemathek-18.02.2018_kurz.mp3\">http:\/\/soundundvision.org\/wp-content\/uploads\/2018\/02\/Retrospektive-Dr.-Rainer-Rother-Interview-Deutsche-Kinemathek-18.02.2018_kurz.mp3<\/a><\/audio>\n<p lang=\"en-US\"><span style=\"font-family: Arial,sans-serif;\"><span style=\"font-size: large;\"><em>(Interview mit Dr. Rainer Rother, 18.02.2018 Berlin)<\/em><br \/>\n<\/span><\/span><\/p>\n<p lang=\"en-US\"><span style=\"font-family: Arial,sans-serif;\"><span style=\"font-size: large;\">Im Mittelpunkt der Retrospektive stehen restaurierte Fassungen aus Filmarchiven aus aller Welt, wie dem M\u00fcnchener Filmmuseum und British Film Institute. Auf bereits vielfach gezeigte Klassiker wie Fritz Langs \u201eMetropolis\u201c (1927) oder Robert Wienes \u201eDas Cabinet des Dr. Caligari\u201c (1920) wurde dabei bewusst verzichtet. Stattdessen sind Filme zu sehen, die lange nicht gezeigt oder eben frisch restauriert worden sind. Zu den H\u00f6hepunkten geh\u00f6ren Robert Reinerts Abenteuerfilm <a href=\"https:\/\/de.wikipedia.org\/wiki\/Opium_(1919)\" target=\"_blank\" rel=\"noopener noreferrer\">\u201eOpium\u201c (1919)<\/a>, E.A. Duponts Drama <a href=\"https:\/\/de.wikipedia.org\/wiki\/Das_alte_Gesetz\" target=\"_blank\" rel=\"noopener noreferrer\">\u201cDas alte Gesetz\u201c (1923)<\/a>, der mit Orchesterbegleitung im Friedrichstadt-Palast gezeigt wurde, sowie die Berg-Fantasie \u201eDas blaue Licht\u201c (1932) der umstrittenen Filmemacherin <a href=\"https:\/\/de.wikipedia.org\/wiki\/Leni_Riefenstahl\" target=\"_blank\" rel=\"noopener noreferrer\">Leni Riefenstahl<\/a>, deren kompletter <a href=\"http:\/\/www.zeit.de\/kultur\/film\/2018-02\/leni-riefenstahl-nachlass-stiftung-preussischer-kulturbesitz\" target=\"_blank\" rel=\"noopener noreferrer\">Nachlass<\/a> gerade in die Stiftung Preu\u00dfischer Kulturbesitz \u00fcbergegangen ist und der bestimmt noch f\u00fcr Diskussionen sorgen wird in den kommenden Jahren.<\/span><\/span><\/p>\n<p lang=\"en-US\"><a href=\"http:\/\/soundundvision.org\/wp-content\/uploads\/2018\/02\/Retrospektive-Filmhaus-2.jpg\"><img loading=\"lazy\" decoding=\"async\" class=\"alignnone size-medium wp-image-1088\" src=\"http:\/\/soundundvision.org\/wp-content\/uploads\/2018\/02\/Retrospektive-Filmhaus-2-300x225.jpg\" alt=\"\" width=\"300\" height=\"225\" srcset=\"https:\/\/soundundvision.org\/wp-content\/uploads\/2018\/02\/Retrospektive-Filmhaus-2-300x225.jpg 300w, https:\/\/soundundvision.org\/wp-content\/uploads\/2018\/02\/Retrospektive-Filmhaus-2-768x576.jpg 768w, https:\/\/soundundvision.org\/wp-content\/uploads\/2018\/02\/Retrospektive-Filmhaus-2.jpg 1000w\" sizes=\"auto, (max-width: 300px) 100vw, 300px\" \/><\/a><\/p>\n<p><span style=\"font-family: Arial,sans-serif;\"><span style=\"font-size: large;\">Die Ausstellung \u201cDie UFA \u2013 Geschichte einer Marke\u201d l\u00e4uft noch bis zum 22. April 2018. Zu Ausstellung und Retrospektive sind zwei umfangreiche Publikationen erschienen. Das <a href=\"http:\/\/www.bertz-fischer.de\/product_info.php?cPath=1_42&amp;products_id=523\" target=\"_blank\" rel=\"noopener noreferrer\">Begleitbuch zur Retrospektive<\/a> \u201eWeimarer Kino &#8211; neu gesehen\u201c hat der Berliner Verlag Bertz + Fischer herausgebracht und das <a href=\"https:\/\/www.kerberverlag.com\/en\/die-ufa.html\" target=\"_blank\" rel=\"noopener noreferrer\">Buch zur UFA-Ausstellung<\/a> ist im Bielefelder Kerber Verlag erschienen. <\/span><\/span><\/p>\n<p><a href=\"http:\/\/soundundvision.org\/wp-content\/uploads\/2018\/02\/Retrospektive-Buecher.jpg\"><img loading=\"lazy\" decoding=\"async\" class=\"alignnone size-medium wp-image-1092\" src=\"http:\/\/soundundvision.org\/wp-content\/uploads\/2018\/02\/Retrospektive-Buecher-300x225.jpg\" alt=\"\" width=\"300\" height=\"225\" srcset=\"https:\/\/soundundvision.org\/wp-content\/uploads\/2018\/02\/Retrospektive-Buecher-300x225.jpg 300w, https:\/\/soundundvision.org\/wp-content\/uploads\/2018\/02\/Retrospektive-Buecher-768x576.jpg 768w, https:\/\/soundundvision.org\/wp-content\/uploads\/2018\/02\/Retrospektive-Buecher.jpg 1000w\" sizes=\"auto, (max-width: 300px) 100vw, 300px\" \/><\/a><\/p>\n","protected":false},"excerpt":{"rendered":"<p>Retrospektive \u201eWeimarer Kino &#8211; neu gesehen\u201c In der diesj\u00e4hrigen Retrospektive der Berlinale sind um die 30 Lang- und Kurzfilme zu sehen, die alle zwischen 1918 [&#8230;]<\/p>\n","protected":false},"author":1,"featured_media":1090,"comment_status":"closed","ping_status":"closed","sticky":false,"template":"","format":"standard","meta":{"footnotes":""},"categories":[157,4],"tags":[76,145],"class_list":["post-1086","post","type-post","status-publish","format-standard","has-post-thumbnail","hentry","category-berlinale","category-interviews","tag-berlinale","tag-retrospektive"],"_links":{"self":[{"href":"https:\/\/soundundvision.org\/index.php?rest_route=\/wp\/v2\/posts\/1086","targetHints":{"allow":["GET"]}}],"collection":[{"href":"https:\/\/soundundvision.org\/index.php?rest_route=\/wp\/v2\/posts"}],"about":[{"href":"https:\/\/soundundvision.org\/index.php?rest_route=\/wp\/v2\/types\/post"}],"author":[{"embeddable":true,"href":"https:\/\/soundundvision.org\/index.php?rest_route=\/wp\/v2\/users\/1"}],"replies":[{"embeddable":true,"href":"https:\/\/soundundvision.org\/index.php?rest_route=%2Fwp%2Fv2%2Fcomments&post=1086"}],"version-history":[{"count":0,"href":"https:\/\/soundundvision.org\/index.php?rest_route=\/wp\/v2\/posts\/1086\/revisions"}],"wp:featuredmedia":[{"embeddable":true,"href":"https:\/\/soundundvision.org\/index.php?rest_route=\/wp\/v2\/media\/1090"}],"wp:attachment":[{"href":"https:\/\/soundundvision.org\/index.php?rest_route=%2Fwp%2Fv2%2Fmedia&parent=1086"}],"wp:term":[{"taxonomy":"category","embeddable":true,"href":"https:\/\/soundundvision.org\/index.php?rest_route=%2Fwp%2Fv2%2Fcategories&post=1086"},{"taxonomy":"post_tag","embeddable":true,"href":"https:\/\/soundundvision.org\/index.php?rest_route=%2Fwp%2Fv2%2Ftags&post=1086"}],"curies":[{"name":"wp","href":"https:\/\/api.w.org\/{rel}","templated":true}]}}