{"id":1461,"date":"2019-09-16T19:28:24","date_gmt":"2019-09-16T17:28:24","guid":{"rendered":"http:\/\/soundundvision.org\/?p=1461"},"modified":"2019-11-09T20:57:17","modified_gmt":"2019-11-09T19:57:17","slug":"12-tipps-fuers-reeperbahn-festival","status":"publish","type":"post","link":"https:\/\/soundundvision.org\/?p=1461","title":{"rendered":"12 Tipps f\u00fcrs Reeperbahn Festival"},"content":{"rendered":"<p lang=\"de-DE\"><span style=\"font-family: Arial, sans-serif;\"><span style=\"font-size: large;\">Ab Mittwoch herrscht in Hamburg wieder vier Tage lang der musikalische Ausnahmezustand. Das <a href=\"https:\/\/www.reeperbahnfestival.com\/de\/startseite\" target=\"_blank\" rel=\"noopener noreferrer\">Reeperbahn Festival<\/a> ist mittlerweile eines der gr\u00f6\u00dften Events f\u00fcr Indierock- und Indiepopfans \u00fcberhaupt und hat sich dar\u00fcber hinaus auch zu einem der wichtigsten Branchentreffs der deutschen Musikszene entwickelt. Bei weit mehr als 400 verschiedenen K\u00fcnstler*innen und Bands, die in \u00fcber 90 unterschiedlichen Spielorten aufwarten, f\u00e4llt die Auswahl nicht immer ganz leicht. Ganz zu schweigen von den vielen Lesungen, Filmauff\u00fchrungen, Kunstausstellungen und Diskussionsveranstaltungen, die das Programm erweitern. Wie in jedem Jahr habe ich ein paar meiner pers\u00f6nlichen Favoriten zusammengetragen, die vor allem nat\u00fcrlich auch zum musikalischen Schwerpunkt meiner Radiosendung passen sollen. F\u00fcnf der unten stehenden K\u00fcnstlerinnen hab ich auch f\u00fcr Interviews angefragt, also watch this space oder folgt mir in den <a href=\"https:\/\/www.facebook.com\/soundundvision.radio\" target=\"_blank\" rel=\"noopener noreferrer\">\u00fcblichen<\/a> <a href=\"https:\/\/www.instagram.com\/soundundvision\/\" target=\"_blank\" rel=\"noopener noreferrer\">sozialen<\/a> Netzwerken. Wir sehen uns in Hamburg.<\/span><\/span><\/p>\n<p lang=\"de-DE\"><a href=\"https:\/\/www.facebook.com\/culkofficial\/\" target=\"_blank\" rel=\"noopener noreferrer\"><span style=\"font-family: Arial, sans-serif;\"><span style=\"font-size: large;\">CULK<\/span><\/span><\/a><\/p>\n<p lang=\"de-DE\"><span style=\"font-family: Arial, sans-serif;\"><span style=\"font-size: large;\">Das \u00f6sterreichische Quartett CULK besticht auf seinem gleichnamigen Deb\u00fctalbum durch d\u00fcster-treibenden Indierock. Experimentelle Sounds treffen auf Elemente aus Dream Pop, Shoegaze, Darkwave und Noise. Im Sog der stets vorw\u00e4rts dr\u00e4ngenden und mitrei\u00dfenden Musik steht S\u00e4ngerin Sophie L\u00f6w, die ihre Geschichten vom chaotischen menschlichen Miteinander teils auf deutsch, teils auf englisch erz\u00e4hlt. Das aktuelle Album ist im Februar auf dem \u00f6sterreichischen Label <a href=\"http:\/\/www.siluh.com\/\" target=\"_blank\" rel=\"noopener noreferrer\">Siluh Records<\/a> erschienen. Produziert und aufgenommen hat es Jakob Herber, Schlagzeuger der \u00f6sterreichischen Band Flut, die ich im letzten Jahr <a href=\"http:\/\/soundundvision.org\/?p=1249\" target=\"_blank\" rel=\"noopener noreferrer\">hier<\/a> schon mal vorgestellt hatte.<\/span><\/span><\/p>\n<p lang=\"de-DE\"><span style=\"font-family: Arial, sans-serif;\"><span style=\"font-size: large;\">Mittwoch, 18.09. 21:45h Molotow \/ Skybar<\/span><\/span><\/p>\n<p><iframe loading=\"lazy\" title=\"Culk - Salvation (official musicvideo)\" width=\"860\" height=\"484\" src=\"https:\/\/www.youtube.com\/embed\/FdoPKB7SAiA?feature=oembed\" frameborder=\"0\" allow=\"accelerometer; autoplay; encrypted-media; gyroscope; picture-in-picture\" allowfullscreen><\/iframe><\/p>\n<p lang=\"de-DE\"><a href=\"https:\/\/www.facebook.com\/tusks\/\" target=\"_blank\" rel=\"noopener noreferrer\"><span style=\"font-family: Arial, sans-serif;\"><span style=\"font-size: large;\">Tusks<\/span><\/span><\/a><\/p>\n<p lang=\"de-DE\"><span style=\"font-family: Arial, sans-serif;\"><span style=\"font-size: large;\">Die Londoner S\u00e4ngerin und Produzentin Emily Underhill hat mit \u201eAvalanche\u201c im Juni ihr zweites Album unter dem Namen Tusks vorgelegt. Das ist an sich schon eine beachtliche Leistung, weil sie nach einem Unfall im letzten Jahr f\u00fcrchten musste, nie wieder Gitarre spielen zu k\u00f6nnen. Eine d\u00fcstere Prognose f\u00fcr eine K\u00fcnstlerin, die ihre Songs zumeist allein an Piano oder Gitarre komponiert. Underhill hat das als Herausforderung angenommen und ihren Sound auf dem neuen Album um eine verhallt-elektronische Wall Of Sound erweitert. Mittlerweile ist sie zur\u00fcck an der Gitarre und kann ihre Musik zwischen New Wave, Dream Pop und Folktronica zu unserem Gl\u00fcck auch wieder live pr\u00e4sentieren. <\/span><\/span><\/p>\n<p lang=\"de-DE\"><span style=\"font-family: Arial, sans-serif;\"><span style=\"font-size: large;\">Freitag, 20.09. 20:10h Terrace Hill<\/span><\/span><\/p>\n<p><iframe loading=\"lazy\" title=\"Tusks - Be Mine (Official Music Video)\" width=\"860\" height=\"484\" src=\"https:\/\/www.youtube.com\/embed\/re9KgEsflxY?feature=oembed\" frameborder=\"0\" allow=\"accelerometer; autoplay; encrypted-media; gyroscope; picture-in-picture\" allowfullscreen><\/iframe><\/p>\n<p lang=\"de-DE\"><a href=\"https:\/\/www.facebook.com\/carloscipa\/\" target=\"_blank\" rel=\"noopener noreferrer\"><span style=\"font-family: Arial, sans-serif;\"><span style=\"font-size: large;\">Carlos Cipa <\/span><\/span><\/a><\/p>\n<p lang=\"de-DE\"><span style=\"font-family: Arial, sans-serif;\"><span style=\"font-size: large;\">Der M\u00fcnchener Komponist und Pianist Carlos Cipa hat jetzt sein langes erwartetest drittes Album ver\u00f6ffentlicht. Wie viele moderne Komponisten sind bei ihm neben klassischer Musik auch Pop, Jazz, elektronische Musik und Filmmusik als Einfl\u00fcsse h\u00f6rbar. Nachdem er sich in den letzten f\u00fcnf Jahren vor allem der Musik f\u00fcr Film, TV, Tanz und Theater zugewandt hat, gibt es auf \u201eRetronyms\u201c nun endlich auch wieder neue und freie Eigenkompositionen zu h\u00f6ren. Zum Teil streng durchkomponiert, zum Teil aber auch w\u00e4hrend der Aufnahmesessions mit den anderen Musikerinnen im Studio improvisiert. Minimalistische Pianostrukturen geben sich hier mit opulenten Soundlandschaften zwischen Jazz und Klassik die Klinke in die Hand. \u201eRetronyms\u201c ist am 23.08. auf <a href=\"https:\/\/www.warnerclassics.com\/\" target=\"_blank\" rel=\"noopener noreferrer\">Warner Classics<\/a> erschienen.<\/span><\/span><\/p>\n<p lang=\"de-DE\"><span style=\"font-family: Arial, sans-serif;\"><span style=\"font-size: large;\">Donnerstag, 19.09. 21:20h St. Pauli-Kirche<\/span><\/span><\/p>\n<p><iframe loading=\"lazy\" title=\"Carlos Cipa \u2013 and she was (Official Video)\" width=\"860\" height=\"484\" src=\"https:\/\/www.youtube.com\/embed\/Q7kz-XO29t4?feature=oembed\" frameborder=\"0\" allow=\"accelerometer; autoplay; encrypted-media; gyroscope; picture-in-picture\" allowfullscreen><\/iframe><\/p>\n<p lang=\"de-DE\"><a href=\"https:\/\/www.facebook.com\/rebeccalouofficial\/\" target=\"_blank\" rel=\"noopener noreferrer\"><span style=\"font-family: Arial, sans-serif;\"><span style=\"font-size: large;\">Rebecca Lou<\/span><\/span><\/a><\/p>\n<p lang=\"de-DE\"><span style=\"font-family: Arial, sans-serif;\"><span style=\"font-size: large;\">Das d\u00e4nische Punkrock-Trio Rebecca Lou mischt New Wave und Postpunk der 80er mit Indierock und Riot Grrrl-Sounds der 90er. Auf dem ersten Album \u201eBleed\u201c schaffen sie damit einen melodische-rockigen Gesamtsound, der live mutma\u00dflich noch um einiges an Fahrt gewinnen d\u00fcrfte. Die Gruppe um S\u00e4ngerin Rebecca L. Armstrong hatte schon im letzten Jahr mit \u201eSkeleton\u201c eine erste EP vorgelegt, jetzt folgte am 30.08. das erste Album auf dem Label We Are Suburban. Das gelbe Vinyl der Erstauflage ist auf 250 St\u00fcck limitiert. <\/span><\/span><\/p>\n<p lang=\"de-DE\"><span style=\"font-family: Arial, sans-serif;\"><span style=\"font-size: large;\">Samstag, 21.09. 17:00h Viva Con Agua Hangout Stage<\/span><\/span><\/p>\n<p lang=\"de-DE\"><span style=\"font-family: Arial, sans-serif;\"><span style=\"font-size: large;\">Samstag, 21.09. 21:15h Indra<\/span><\/span><\/p>\n<p><iframe loading=\"lazy\" title=\"REBECCA LOU - Not 4 U ( Official Video)\" width=\"860\" height=\"484\" src=\"https:\/\/www.youtube.com\/embed\/YMVGeb50ZXI?feature=oembed\" frameborder=\"0\" allow=\"accelerometer; autoplay; encrypted-media; gyroscope; picture-in-picture\" allowfullscreen><\/iframe><\/p>\n<p lang=\"de-DE\"><a href=\"https:\/\/www.facebook.com\/5khdmusic\/\" target=\"_blank\" rel=\"noopener noreferrer\"><span style=\"font-family: Arial, sans-serif;\"><span style=\"font-size: large;\">5K HD<\/span><\/span><\/a><\/p>\n<p lang=\"de-DE\"><span style=\"font-family: Arial, sans-serif;\"><span style=\"font-size: large;\">2017 habe ich bei mir in der Sendung schon mit <\/span><\/span><span style=\"font-family: Arial, sans-serif;\"><span style=\"font-size: large;\">\u201eAnd To In A\u201c d<\/span><\/span><span style=\"font-family: Arial, sans-serif;\"><span style=\"font-size: large;\">as Deb\u00fctalbum <\/span><\/span><span style=\"font-family: Arial, sans-serif;\"><span style=\"font-size: large;\">des Quintetts aus \u00d6sterreic<\/span><\/span><span style=\"font-family: Arial, sans-serif;\"><span style=\"font-size: large;\">h vorgestellt. Und bei ihrem Auftritt beim Watt En Schlick Fest im selben Jahr durfte ich auch erleben, wie sie ihre Songs live erweitern, ver\u00e4ndern und sich ausdehnen lassen. Das neue Album kommt an der Oberfl\u00e4che mit deutlich fokussierteren Elektro-Indiepopsongs daher, deren Tiefe und Facettenreichtum sich dann oft erst beim mehrmaligen H\u00f6ren Schicht f\u00fcr Schicht erschlie\u00dft. Ich freue mich wahnsinnig auf die Liveumsetzung der neuen Tracks. S\u00e4ngerin Mira Lu Kovacs hat erst im letzten Jahr mit ihrer \u201eanderen\u201c Band <a href=\"https:\/\/www.facebook.com\/miralukovacs\/\" target=\"_blank\" rel=\"noopener noreferrer\">Schmieds Puls<\/a> ein neues Album vorgelegt. Auch das ist sehr zu empfehlen. Die neue Platte von 5K HD hei\u00dft \u201eHigh Performer\u201c und ist am 6. September auf fiveK Records erschienen.<\/span><\/span><\/p>\n<p lang=\"de-DE\"><span style=\"font-family: Arial, sans-serif;\"><span style=\"font-size: large;\">Donnerstag, 19.09. 19:50h Indra<\/span><\/span><\/p>\n<p lang=\"de-DE\"><span style=\"font-family: Arial, sans-serif;\"><span style=\"font-size: large;\">Freitag. 20.09. 15:00h N-joy Reeperbus<\/span><\/span><\/p>\n<p><iframe loading=\"lazy\" title=\"5K HD - 10\/15 (official video)\" width=\"860\" height=\"484\" src=\"https:\/\/www.youtube.com\/embed\/yc4ii3V3b-E?feature=oembed\" frameborder=\"0\" allow=\"accelerometer; autoplay; encrypted-media; gyroscope; picture-in-picture\" allowfullscreen><\/iframe><\/p>\n<p lang=\"de-DE\"><a href=\"https:\/\/www.facebook.com\/aziza.brahim.official\/\" target=\"_blank\" rel=\"noopener noreferrer\"><span style=\"font-family: Arial, sans-serif;\"><span style=\"font-size: large;\">Aziza Brahim<\/span><\/span><\/a><\/p>\n<p lang=\"de-DE\"><span style=\"font-family: Arial, sans-serif;\"><span style=\"font-size: large;\">Die algerische Musikerin Aziza Brahim geh\u00f6rt seit einigen Jahren zu den international gefragtesten K\u00fcnstlerinnen des Global Pop. Geboren in einem nordafrikanischen Fl\u00fcchtlingslager und aufgewachsen im spanischen Exil spielen ihre pers\u00f6nlichen Erfahrungen in ihren Songs genau so eine Rolle, wie die traditionelle Musik der Sahrawi, die zu tausenden aus ihrer Heimat der Westsahara vertrieben wurden. F\u00fcr das neue Album hat sie eng mit der mexikanischen Musikerin Ampara Sanch\u00e9z zusammengearbeitet, die sie im Vorfeld der Aufnahmen bei der Produktion und der erstmaligen Nutzung von elektronischen Sounds unterst\u00fctzt hat. Sanch\u00e9z hat zuvor schon unter anderem mit Calexico zusammengearbeitet und so mischen sich auf Brahims neuen Album die nordafrikanischen W\u00fcstensounds mit mexikanisch-amerikanischen Americana-Elementen auf eine unwiderstehlich wehm\u00fctige Art und Weise. \u201eSahari\u201c von Aziza Brahim erscheint am 15. November auf Glitterbeat. <\/span><\/span><\/p>\n<p lang=\"de-DE\"><span style=\"font-family: Arial, sans-serif;\"><span style=\"font-size: large;\">Donnerstag, 19.09. 22:40h Nochtspeicher<\/span><\/span><\/p>\n<p><iframe loading=\"lazy\" title=\"Aziza Brahim - Calles de Dajla\" width=\"860\" height=\"484\" src=\"https:\/\/www.youtube.com\/embed\/LxP0Ngt3s5o?feature=oembed\" frameborder=\"0\" allow=\"accelerometer; autoplay; encrypted-media; gyroscope; picture-in-picture\" allowfullscreen><\/iframe><\/p>\n<p lang=\"de-DE\"><a href=\"https:\/\/www.facebook.com\/atzurmusicofficial\/\" target=\"_blank\" rel=\"noopener noreferrer\"><span style=\"font-family: Arial, sans-serif;\"><span style=\"font-size: large;\">ATZUR<\/span><\/span><\/a><\/p>\n<p lang=\"de-DE\"><span style=\"font-family: Arial, sans-serif;\"><span style=\"font-size: large;\">ATZUR ist eine neues minimalistisch-elektronisches Popduo aus \u00d6sterreich. Auf ihrer neuen und ersten EP \u201eFlesh And Bones\u201c sind vier St\u00fccke von treibender und fast schon cineastischer Eindringlichkeit zu finden. Die spanische Pianistin und S\u00e4ngerin Patricia und der \u00f6sterreichisch-iranische Pianist Paul leben und arbeiten in Wien. F\u00fcr das Video zum Song \u201eDeath Of The Sun\u201c f\u00fchrte Manuel Hauer von der Band Flut Regie. Produziert hat die EP Tobias Kobl von den gro\u00dfartigen <a href=\"https:\/\/www.facebook.com\/atpavillon\" target=\"_blank\" rel=\"noopener noreferrer\">At Pavillon<\/a>. Indiepop, Dream Pop und Kammerpop aus Wien. \u201eFlesh Blood And Bones\u201c ist am 7. Juni auf <a href=\"http:\/\/www.seayourecords.com\/\" target=\"_blank\" rel=\"noopener noreferrer\">Seayou Records<\/a> erschienen.<\/span><\/span><\/p>\n<p lang=\"de-DE\"><span style=\"font-family: Arial, sans-serif;\"><span style=\"font-size: large;\">Freitag, 20.09. 19:25h Spielbude<\/span><\/span><\/p>\n<p><iframe loading=\"lazy\" title=\"ATZUR - DEATH OF THE SUN (official video)\" width=\"860\" height=\"484\" src=\"https:\/\/www.youtube.com\/embed\/p-0lUWxCjl0?feature=oembed\" frameborder=\"0\" allow=\"accelerometer; autoplay; encrypted-media; gyroscope; picture-in-picture\" allowfullscreen><\/iframe><\/p>\n<p lang=\"de-DE\"><a href=\"https:\/\/www.facebook.com\/johannes.motschmann\/\" target=\"_blank\" rel=\"noopener noreferrer\"><span style=\"font-family: Arial, sans-serif;\"><span style=\"font-size: large;\">Johannes Motschmann<\/span><\/span><\/a><\/p>\n<p lang=\"de-DE\"><span style=\"font-family: Arial, sans-serif;\"><span style=\"font-size: large;\">Der Berliner Komponist Johannes Motschmann war 2016 schon mit seinem Trio beim <a href=\"https:\/\/www.youtube.com\/watch?v=5LT9V5ZSBm0\" target=\"_blank\" rel=\"noopener noreferrer\">Reeperbahn Festival<\/a> zu sehen. Sein Auftritt im direkten Anschluss an ein Konzert von <a href=\"https:\/\/www.youtube.com\/watch?v=VGNRz-S8-SE\" target=\"_blank\" rel=\"noopener noreferrer\">Sven Helbig<\/a> geh\u00f6rt f\u00fcr mich gerade in dieser Kombination zu den denkw\u00fcrdigsten Abenden, die ich bisher im Resonanzraum St.Pauli gesehen habe, wo seit einigen Jahren die Konzerte zwischen Klassik und Elektronik stattfinden, die mit dem Label Neoklassik etwas widerspr\u00fcchlich benannt sind. Jetzt hat Motschmann mit \u201eLifestream\u201c den Nachfolger zu \u201eElectric Fields\u201c vorgelegt. Konsequent setzte er hier seinen musikalischen <\/span><\/span><span style=\"font-family: Arial, sans-serif;\"><span style=\"font-size: large;\">Br\u00fcckenschlag von Bach, Erik Satie, Karl-Heinz Stockhausen zu westdeutscher Elektronik und Krautrock im Stil von Harmonia oder Tangerine Dream fort. Wieder mit dabei sind Perkussionist David Panzl und der <\/span><\/span><span style=\"font-family: Arial, sans-serif;\"><span style=\"font-size: large;\">Tonmeister, Diplom-Ingenieur, Keyboarder und Violinist Boris Bolles. <\/span><\/span><span style=\"font-family: Arial, sans-serif;\"><span style=\"font-size: large;\">Lifestream (mit f) steht dabei f\u00fcr den Flu\u00df des Lebens, aber auch als \u201eLivestream\u201c bei den Livekonzerten des Trios, dessen handgemachte, organisch-elektronische Musik auch in den neuen Tracks einfangen wird. \u201eLifestream\u201c ist am 9. August auf dem Label <a href=\"https:\/\/neue-meister-music.com\/de\/\" target=\"_blank\" rel=\"noopener noreferrer\">Neue Meister<\/a> herausgekommen.<\/span><\/span><\/p>\n<p lang=\"de-DE\"><span style=\"font-family: Arial, sans-serif;\"><span style=\"font-size: large;\">Freitag, 20.09. 20:30h Resonanzraum<\/span><\/span><\/p>\n<p><iframe loading=\"lazy\" title=\"Johannes Motschmann - Interoception (Official Music Video)\" width=\"860\" height=\"484\" src=\"https:\/\/www.youtube.com\/embed\/rlKupTuXxqA?feature=oembed\" frameborder=\"0\" allow=\"accelerometer; autoplay; encrypted-media; gyroscope; picture-in-picture\" allowfullscreen><\/iframe><\/p>\n<p lang=\"de-DE\"><a href=\"https:\/\/www.facebook.com\/camillasparksss\/\" target=\"_blank\" rel=\"noopener noreferrer\"><span style=\"font-family: Arial, sans-serif;\"><span style=\"font-size: large;\">Camilla Sparksss<\/span><\/span><\/a><\/p>\n<p>\u201e<span style=\"font-family: Arial, sans-serif;\"><span style=\"font-size: large;\"><span lang=\"de-DE\">Brutal\u201c hei\u00dft das zweite Soloalbum der Schweizer Musikerin und S\u00e4ngerin <\/span><\/span><\/span><span style=\"font-family: Arial, sans-serif;\"><span style=\"font-size: large;\">Barbara Lehnhoff aka Camilla Sparksss, die au\u00dferdem auch noch ein Teil des fantastischen Indie- und Dream Pop-Duos <a href=\"https:\/\/www.facebook.com\/peterkernel\/\" target=\"_blank\" rel=\"noopener noreferrer\">Peter Kernel<\/a> ist. Deren letztes Album \u201eThe Size Of The Night\u201c habe ich ja ebenfalls schon schon in meiner Sendung vorgestellt. Die schweizerisch-kanadische S\u00e4ngerin und Filmemacherin hat Peter Kernel 2006 gemeinsam mit Aris Bassetti aus dem Tessin gegr\u00fcndet und macht seit 2014 auch solo Musik. Insgesamt gibt es auf \u201eBrutal\u201c deutlich mehr Elektronik, Noise und Synthiepop als bei ihrem dreampoppig-postpunkigem Hauptduo. Konzipiert, geschrieben und komponiert hat sie \u201eBrutal\u201c wie alle Platten zuvor gemeinsam mit ihrem partner in crime Aris. Das Album ist am 5. April auf ihrem eigenen Label <a href=\"https:\/\/www.facebook.com\/onthecamper#_=_\" target=\"_blank\" rel=\"noopener noreferrer\">On The Camper Records<\/a> erschienen.<\/span><\/span><\/p>\n<p lang=\"de-DE\"><span style=\"font-family: Arial, sans-serif;\"><span style=\"font-size: large;\">Samstag, 21.09. 00:10h H\u00e4kken (Klubhaus St. Pauli.)<\/span><\/span><\/p>\n<p><iframe loading=\"lazy\" title=\"Camilla Sparksss \u2013 Womanized\" width=\"860\" height=\"484\" src=\"https:\/\/www.youtube.com\/embed\/KoDmksWUHTU?feature=oembed\" frameborder=\"0\" allow=\"accelerometer; autoplay; encrypted-media; gyroscope; picture-in-picture\" allowfullscreen><\/iframe><\/p>\n<p lang=\"de-DE\"><a href=\"https:\/\/www.facebook.com\/LisaMorgensternSongs\/\" target=\"_blank\" rel=\"noopener noreferrer\"><span style=\"font-family: Arial, sans-serif;\"><span style=\"font-size: large;\">Lisa Morgenstern<\/span><\/span><\/a><\/p>\n<p lang=\"de-DE\"><span style=\"font-family: Arial, sans-serif;\"><span style=\"font-size: large;\">Die Berliner Komponistin, S\u00e4ngerin und Pianistin ist mit ihrem zweiten Album \u201eChameleon\u201c schon seit einigen Monaten auf Tour und hat im Sommer unter anderem auch schon beim <a href=\"http:\/\/www.wattenschlick.de\/\" target=\"_blank\" rel=\"noopener noreferrer\">Watt En Schlick Fest<\/a> in Dangast gespielt (das ist \u00fcbrigens nominiert f\u00fcr den <a href=\"https:\/\/helga.reeperbahnfestival.com\/about\" target=\"_blank\" rel=\"noopener noreferrer\">Helga Festival Award<\/a>). Einsamer H\u00f6hepunkt ihrer Konzertreise d\u00fcrfte aber das Reeperbahn Festival werden, bei dem sie zum \u201eAufw\u00e4rmen\u201c zun\u00e4chst im Resonanzraum St. Pauli spielt, um danach ein letztes Konzert in der Elbphilharmonie zu absolvieren. Genau der richtige Platz f\u00fcr ihre minimalistisch-flie\u00dfenden Pianost\u00fccke, die durchaus an den gro\u00dfen <a href=\"https:\/\/www.reeperbahnfestival.com\/de\/festival\/lubomyr-melnyk\" target=\"_blank\" rel=\"noopener noreferrer\">Lubomyr Melnyk<\/a> erinnern. Dazu kommen aber noch andere Elemente wie elektronische Sounds aus Ambient und kosmischer Musik und eine einzigartige Stimme, die im Zusammenspiel zwischen Klavier und Streichern sogar Assoziationen an Tori Amos, Kate Bush oder gar Nina Simone wecken. Die Tochter zweier Orchestermusiker mit bulgarischen und deutschen Wurzeln arbeitet in Berlin auch eng mit dem renommierten Frauenchor <a href=\"https:\/\/www.facebook.com\/bulgarianvoicesberlin\/\" target=\"_blank\" rel=\"noopener noreferrer\">Bulgarian Voices Berlin<\/a> zusammen. F\u00fcr ihr eigenes Album hat sie sich mit dem argentinischen Cellisten <a href=\"https:\/\/www.sebastianplano.com\/\" target=\"_blank\" rel=\"noopener noreferrer\">Sebastian Plano<\/a> zusammengetan, der die Aufnahmen auch produziert hat. \u201eChameleon\u201c von Lisa Morgenstern ist am 26. April erschienen.<\/span><\/span><\/p>\n<p lang=\"de-DE\"><span style=\"font-family: Arial, sans-serif;\"><span style=\"font-size: large;\">Donnerstag, 19.09. 23:00h Resonanzraum<\/span><\/span><\/p>\n<p lang=\"de-DE\"><span style=\"font-family: Arial, sans-serif;\"><span style=\"font-size: large;\">Samstag, 21.09. 0:00h Elbphilharmonie<\/span><\/span><\/p>\n<p><iframe loading=\"lazy\" title=\"Lisa Morgenstern - &quot;My Boat&quot;- IDK Sessions\" width=\"860\" height=\"484\" src=\"https:\/\/www.youtube.com\/embed\/C82UQKVG7c4?feature=oembed\" frameborder=\"0\" allow=\"accelerometer; autoplay; encrypted-media; gyroscope; picture-in-picture\" allowfullscreen><\/iframe><\/p>\n<p lang=\"de-DE\"><a href=\"https:\/\/www.facebook.com\/suzankoecher\/\" target=\"_blank\" rel=\"noopener noreferrer\"><span style=\"font-family: Arial, sans-serif;\"><span style=\"font-size: large;\">Suzan K\u00f6cher&#8217;s Suprafon<\/span><\/span><\/a><\/p>\n<p lang=\"de-DE\"><span style=\"font-family: Arial, sans-serif;\"><span style=\"font-size: large;\">Die Solinger S\u00e4ngerin und Songschreiberin Suzan K\u00f6cher hat mich vor zwei Jahren mit ihrem Deb\u00fct \u201eMoon Bordeaux\u201c schon schwer beeindruckt. Darauf war eine Mischung aus flower-powerigen Sixties-Beats, Folk, d\u00fcsterem Chansonpop und leicht psychedelischen Ankl\u00e4ngen zu finden. F\u00fcr ihr neues Album \u201eSuprafon\u201c hat sie jetzt wirklich alle Leinen \u00fcber Bord geworfen und mit einer neuen Band ihren musikalischen Kosmos um Psychedelic Rock, Americana, Shoegaze, Krautrock und sogar Spuren von Postrock erweitert. Konsequenterweise ist sie damit auch nicht mehr als Solok\u00fcnstlerin unterwegs, sondern als vollwertige Band mit dem Namen \u201eSuzan K\u00f6cher&#8217;s Suprafon\u201c. Die Singles \u201ePeaky Blinders\u201c und \u201ePoiseonous Ivy\u201c haben diesen neuen Sound bereits vorgestellt, aber erst das Album mit Tracks von \u00fcber 7 bzw. 12 Minuten L\u00e4ngen erschlie\u00dft uns endg\u00fcltig die ganze Welt des Suprafons. Die Platte erscheint am 8. November.<\/span><\/span><\/p>\n<p lang=\"de-DE\"><span style=\"font-family: Arial, sans-serif;\"><span style=\"font-size: large;\">Donnerstag, 19.09. 21:00h Kaiserkeller<\/span><\/span><\/p>\n<p lang=\"de-DE\"><span style=\"font-family: Arial, sans-serif;\"><span style=\"font-size: large;\">Freitag, 20.09. 18:00h Spielbudenplatz<\/span><\/span><\/p>\n<p lang=\"de-DE\"><span style=\"font-family: Arial, sans-serif;\"><span style=\"font-size: large;\">Freitag, 20.09. 19:30h LTUR<\/span><\/span><\/p>\n<p><iframe loading=\"lazy\" title=\"SUZAN K\u00d6CHER\u00b4S SUPRAFON | POISONOUS IVY (Official Video)\" width=\"860\" height=\"484\" src=\"https:\/\/www.youtube.com\/embed\/I7xRY6s6pnY?feature=oembed\" frameborder=\"0\" allow=\"accelerometer; autoplay; encrypted-media; gyroscope; picture-in-picture\" allowfullscreen><\/iframe><\/p>\n<p lang=\"de-DE\"><a href=\"https:\/\/www.facebook.com\/robotkochofficial\/\" target=\"_blank\" rel=\"noopener noreferrer\"><span style=\"font-family: Arial, sans-serif;\"><span style=\"font-size: large;\">Robot Koch <\/span><\/span><\/a><\/p>\n<p lang=\"de-DE\"><span style=\"font-family: Arial, sans-serif;\"><span style=\"font-size: large;\">Der in Kassel geborene Komponist, DJ und Produzent Robert Koch geh\u00f6rt seit \u00fcber 20 Jahren zu den international erfolgreichsten deutschen Elektronikern. W\u00e4hrend seine eigene Kompositionen zumeist den Techno- und Elektrofans ins Ohr und in die Beine gehen, sind seine Produktionen deutschlandweit in den Playlisten, Kinderzimmern und Indiediscos zu h\u00f6ren. Schlie\u00dflich hat er Alben von Marteria\/Marsimoto, OK Kid oder Casper mit auf den Weg gebracht. F\u00fcr seine eigenen Arbeiten hat er sich in den letzten Jahren auch zunehmend der Verbindung von elektronischer und klassischer Musik zugewandt. Wichtigste Partnerin f\u00fcr den mittlerweile in Los Angeles lebenden Robot Koch ist dabei die australische Komponistin und Violinistin <a href=\"https:\/\/savannahjolack.com\/\" target=\"_blank\" rel=\"noopener noreferrer\">Savannah Jo Lack<\/a>, die auch schon bei seinem letzten Album \u201eSphere\u201c mit an Bord war. Besonderes Augenmerk im wahrsten Sinne des Wortes lag (und liegt) bei den Liveumsetzungen, die mit 3D-Visuals und 360 Grad Leinw\u00e4nden (Stichwort: Planetarium) zu einem umfassenden audiovisuellen Erlebnis werden. Jetzt erscheint mit \u201eOtherwhere\u201c eine neue EP von Robot Koch und Savannah Jo Lack, die sie beim Reeperbahn Festival gemeinsam mit einem Streichquartett auf die B\u00fchne des Resonanzraums bringen werden (auf <a href=\"https:\/\/neue-meister-music.com\/de\/\" target=\"_blank\" rel=\"noopener noreferrer\">Neue Meister<\/a>).<\/span><\/span><\/p>\n<p lang=\"de-DE\"><span style=\"font-family: Arial, sans-serif;\"><span style=\"font-size: large;\">Freitag, 20.09. 22:50h Resonanzraum<\/span><\/span><\/p>\n<p><iframe loading=\"lazy\" title=\"Robot Koch &amp; Savannah Jo Lack - Light Through a Canvas\" width=\"860\" height=\"484\" src=\"https:\/\/www.youtube.com\/embed\/IJTp8XwoODs?start=203&#038;feature=oembed\" frameborder=\"0\" allow=\"accelerometer; autoplay; encrypted-media; gyroscope; picture-in-picture\" allowfullscreen><\/iframe><\/p>\n","protected":false},"excerpt":{"rendered":"<p>Ab Mittwoch herrscht in Hamburg wieder vier Tage lang der musikalische Ausnahmezustand. Das Reeperbahn Festival ist mittlerweile eines der gr\u00f6\u00dften Events f\u00fcr Indierock- und Indiepopfans [&#8230;]<\/p>\n","protected":false},"author":1,"featured_media":1463,"comment_status":"closed","ping_status":"closed","sticky":false,"template":"","format":"standard","meta":{"footnotes":""},"categories":[223,204],"tags":[60,10,205,188],"class_list":["post-1461","post","type-post","status-publish","format-standard","has-post-thumbnail","hentry","category-musiktexte","category-reeperbahn-festival","tag-festival","tag-konzert","tag-live","tag-reeperbahn-festival"],"_links":{"self":[{"href":"https:\/\/soundundvision.org\/index.php?rest_route=\/wp\/v2\/posts\/1461","targetHints":{"allow":["GET"]}}],"collection":[{"href":"https:\/\/soundundvision.org\/index.php?rest_route=\/wp\/v2\/posts"}],"about":[{"href":"https:\/\/soundundvision.org\/index.php?rest_route=\/wp\/v2\/types\/post"}],"author":[{"embeddable":true,"href":"https:\/\/soundundvision.org\/index.php?rest_route=\/wp\/v2\/users\/1"}],"replies":[{"embeddable":true,"href":"https:\/\/soundundvision.org\/index.php?rest_route=%2Fwp%2Fv2%2Fcomments&post=1461"}],"version-history":[{"count":0,"href":"https:\/\/soundundvision.org\/index.php?rest_route=\/wp\/v2\/posts\/1461\/revisions"}],"wp:featuredmedia":[{"embeddable":true,"href":"https:\/\/soundundvision.org\/index.php?rest_route=\/wp\/v2\/media\/1463"}],"wp:attachment":[{"href":"https:\/\/soundundvision.org\/index.php?rest_route=%2Fwp%2Fv2%2Fmedia&parent=1461"}],"wp:term":[{"taxonomy":"category","embeddable":true,"href":"https:\/\/soundundvision.org\/index.php?rest_route=%2Fwp%2Fv2%2Fcategories&post=1461"},{"taxonomy":"post_tag","embeddable":true,"href":"https:\/\/soundundvision.org\/index.php?rest_route=%2Fwp%2Fv2%2Ftags&post=1461"}],"curies":[{"name":"wp","href":"https:\/\/api.w.org\/{rel}","templated":true}]}}