{"id":1714,"date":"2020-03-08T10:55:30","date_gmt":"2020-03-08T09:55:30","guid":{"rendered":"https:\/\/soundundvision.org\/?p=1714"},"modified":"2023-03-13T02:55:57","modified_gmt":"2023-03-13T01:55:57","slug":"king-vidor-berlinale-retrospektive","status":"publish","type":"post","link":"https:\/\/soundundvision.org\/?p=1714","title":{"rendered":"King Vidor &#8211; Berlinale Retrospektive"},"content":{"rendered":"<p align=\"JUSTIFY\"><span style=\"font-family: Arial, sans-serif;\"><span style=\"font-size: large;\">Die Retrospektive der <a href=\"https:\/\/www.berlinale.de\/de\/home.html\" target=\"_blank\" rel=\"noopener noreferrer\">70. Berlinale<\/a> widmete sich dem amerikanischen Regisseur <a href=\"https:\/\/de.wikipedia.org\/wiki\/King_Vidor\" target=\"_blank\" rel=\"noopener noreferrer\">King Vidor<\/a>. Zwischen 1919 und 1980 drehte dieser mehr als f\u00fcnfzig Spielfilme, die thematisch eine gro\u00dfe Bandbreite abdeckten \u2013 seien es nun Western, Kriegsfilme oder Sozialdramen, aber auch Abenteuerfilme, Literaturadaptionen und Melodramen. Dreiunddrei\u00dfig seiner Filme wurden in Berlin gezeigt, die meisten davon als restaurierte 35-mm-Kopien, wobei letzte noch existierende Einzelkopien zum Einsatz kamen.<\/span><\/span><\/p>\n<p align=\"JUSTIFY\"><span style=\"font-family: Arial, sans-serif;\"><span style=\"font-size: large;\">F\u00fcr die Retrospektive waren erneut <a href=\"https:\/\/www.deutsche-kinemathek.de\/de\/kinemathek\/team\" target=\"_blank\" rel=\"noopener noreferrer\">Dr. Rainer Rother<\/a> und sein Team von der <a href=\"https:\/\/www.deutsche-kinemathek.de\/\" target=\"_blank\" rel=\"noopener noreferrer\">Deutschen Kinemathek<\/a> verantwortlich, diesmal in enger Abstimmung mit dem neuen k\u00fcnstlerischen Leiter der Berlinale, Carlo Chatrian, dem selbst lange Zeit die Gestaltung der Retrospektive des Filmfestivals in Locarno oblag.<\/span><\/span><\/p>\n<audio class=\"wp-audio-shortcode\" id=\"audio-1714-1\" preload=\"none\" style=\"width: 100%;\" controls=\"controls\"><source type=\"audio\/mpeg\" src=\"https:\/\/soundundvision.org\/wp-content\/uploads\/2020\/03\/Rainer-Rother-Kinemathek-Berlin-Retrospektive-2020-25.02.2020.mp3?_=1\" \/><a href=\"https:\/\/soundundvision.org\/wp-content\/uploads\/2020\/03\/Rainer-Rother-Kinemathek-Berlin-Retrospektive-2020-25.02.2020.mp3\">https:\/\/soundundvision.org\/wp-content\/uploads\/2020\/03\/Rainer-Rother-Kinemathek-Berlin-Retrospektive-2020-25.02.2020.mp3<\/a><\/audio>\n<p><em>(Radiointerview mit Dr. Rainer Rother, k\u00fcnstlerischer Direktor der Deutschen Kinemathek Berlin am 25.02.2020)<\/em><\/p>\n<p><span style=\"font-family: Arial, sans-serif;\"><span style=\"font-size: large;\"><a href=\"https:\/\/soundundvision.org\/wp-content\/uploads\/2020\/03\/King-Vidor-Katalog.jpg\"><img loading=\"lazy\" decoding=\"async\" class=\"alignnone size-medium wp-image-1709\" src=\"https:\/\/soundundvision.org\/wp-content\/uploads\/2020\/03\/King-Vidor-Katalog-300x225.jpg\" alt=\"\" width=\"300\" height=\"225\" srcset=\"https:\/\/soundundvision.org\/wp-content\/uploads\/2020\/03\/King-Vidor-Katalog-300x225.jpg 300w, https:\/\/soundundvision.org\/wp-content\/uploads\/2020\/03\/King-Vidor-Katalog-768x576.jpg 768w, https:\/\/soundundvision.org\/wp-content\/uploads\/2020\/03\/King-Vidor-Katalog.jpg 1000w\" sizes=\"auto, (max-width: 300px) 100vw, 300px\" \/><\/a><\/span><\/span><\/p>\n<p align=\"JUSTIFY\"><span style=\"font-family: Arial, sans-serif;\"><span style=\"font-size: large;\">Das Interview dreht sich vor allem King Vidor, befasst sich aber auch mit dem gescheiterten Projekt <a href=\"https:\/\/www.berlinale.de\/de\/programm\/programm\/detail.html?film_id=202012675&amp;openedFromSearch=true\" target=\"_blank\" rel=\"noopener noreferrer\">\u201eThe Day The Clown Cried\u201c<\/a> des amerikanischen Schauspielers Jerry Lewis, dessen Archivmaterialien jetzt von Lewis\u2018 Sohn Chris der Kinemathek \u00fcbergeben wurden. Au\u00dferdem geht es um den Berlinale-Gr\u00fcnder Alfred Bauer und seine NS-Vergangenheit, welche die Berlinale bereits im Vorfeld des Festivals eingeholt hatte. Eine Publikation der Kinemathek zu Bauer wurde deshalb gar nicht erst ver\u00f6ffentlicht und der lange Zeit vergebene <a href=\"https:\/\/de.wikipedia.org\/wiki\/Alfred-Bauer-Preis\" target=\"_blank\" rel=\"noopener noreferrer\">\u201eAlfred Bauer Preis \u2013 Silberner B\u00e4r\u201c<\/a> erfuhr eine Umbenennung. <\/span><\/span><\/p>\n<p><span style=\"font-family: Arial, sans-serif;\"><span style=\"font-size: large;\"><a href=\"https:\/\/soundundvision.org\/wp-content\/uploads\/2020\/03\/Kinemathek-Ausstellung-2.jpg\"><img loading=\"lazy\" decoding=\"async\" class=\"alignnone size-medium wp-image-1708\" src=\"https:\/\/soundundvision.org\/wp-content\/uploads\/2020\/03\/Kinemathek-Ausstellung-2-300x225.jpg\" alt=\"\" width=\"300\" height=\"225\" srcset=\"https:\/\/soundundvision.org\/wp-content\/uploads\/2020\/03\/Kinemathek-Ausstellung-2-300x225.jpg 300w, https:\/\/soundundvision.org\/wp-content\/uploads\/2020\/03\/Kinemathek-Ausstellung-2-768x576.jpg 768w, https:\/\/soundundvision.org\/wp-content\/uploads\/2020\/03\/Kinemathek-Ausstellung-2.jpg 1000w\" sizes=\"auto, (max-width: 300px) 100vw, 300px\" \/><\/a><\/span><\/span><\/p>\n<p align=\"JUSTIFY\"><span style=\"font-family: Arial, sans-serif;\"><span style=\"font-size: large;\">Aktuell sind in der Kinemathek zwei Ausstellung zu sehen: <a href=\"https:\/\/www.deutsche-kinemathek.de\/de\/besuch\/ausstellungen\/du-musst-caligari-werden-das-virtuelle-kabinett\" target=\"_blank\" rel=\"noopener noreferrer\">\u201eDu musst Caligari werden \u2013 Das virtuelle Kabinett\u201c<\/a> zum 100. Geburtstag von Robert Wienes \u201eDas Kabinett des Dr. Caligari\u201c (noch bis zum 20.4.2020), und <a href=\"https:\/\/www.deutsche-kinemathek.de\/de\/besuch\/ausstellungen\/brandspuren-filmplakate-aus-dem-salzstock\" target=\"_blank\" rel=\"noopener noreferrer\">\u201eBrandspuren \u2013 Filmplakate aus dem Salzstock\u201c<\/a> mit rekonstruierten Filmplakaten (noch bis zum 31.5.2020). <\/span><\/span><\/p>\n<p><a href=\"https:\/\/soundundvision.org\/wp-content\/uploads\/2020\/03\/Kinemathek-Ausstellung-1.jpg\"><img loading=\"lazy\" decoding=\"async\" class=\"alignnone size-medium wp-image-1707\" src=\"https:\/\/soundundvision.org\/wp-content\/uploads\/2020\/03\/Kinemathek-Ausstellung-1-225x300.jpg\" alt=\"\" width=\"225\" height=\"300\" srcset=\"https:\/\/soundundvision.org\/wp-content\/uploads\/2020\/03\/Kinemathek-Ausstellung-1-225x300.jpg 225w, https:\/\/soundundvision.org\/wp-content\/uploads\/2020\/03\/Kinemathek-Ausstellung-1.jpg 600w\" sizes=\"auto, (max-width: 225px) 100vw, 225px\" \/><\/a><\/p>\n<p><span style=\"font-family: Arial, sans-serif;\"><span style=\"font-size: large;\"><i>(Dieser Beitrag erschien zuerst als Radiobeitrag in der Sendung \u201eFilmriss \u2013 Das Berlinale-Magazin\u201c, einem gemeinsamem Projekt der norddeutschen B\u00fcrgersender Kiel FM, L\u00fcbeck FM, Westk\u00fcste FM, Tide Hamburg, Stadtradio G\u00f6ttingen und Oldenburg Eins.)<\/i><\/span><\/span><\/p>\n","protected":false},"excerpt":{"rendered":"<p>Die Retrospektive der 70. Berlinale widmete sich dem amerikanischen Regisseur King Vidor. Zwischen 1919 und 1980 drehte dieser mehr als f\u00fcnfzig Spielfilme, die thematisch eine [&#8230;]<\/p>\n","protected":false},"author":1,"featured_media":1717,"comment_status":"closed","ping_status":"closed","sticky":false,"template":"","format":"standard","meta":{"footnotes":""},"categories":[157,4],"tags":[80,76,224,142,145],"class_list":["post-1714","post","type-post","status-publish","format-standard","has-post-thumbnail","hentry","category-berlinale","category-interviews","tag-berlin","tag-berlinale","tag-berlinale-2020","tag-deutsche-kinemathek","tag-retrospektive"],"_links":{"self":[{"href":"https:\/\/soundundvision.org\/index.php?rest_route=\/wp\/v2\/posts\/1714","targetHints":{"allow":["GET"]}}],"collection":[{"href":"https:\/\/soundundvision.org\/index.php?rest_route=\/wp\/v2\/posts"}],"about":[{"href":"https:\/\/soundundvision.org\/index.php?rest_route=\/wp\/v2\/types\/post"}],"author":[{"embeddable":true,"href":"https:\/\/soundundvision.org\/index.php?rest_route=\/wp\/v2\/users\/1"}],"replies":[{"embeddable":true,"href":"https:\/\/soundundvision.org\/index.php?rest_route=%2Fwp%2Fv2%2Fcomments&post=1714"}],"version-history":[{"count":0,"href":"https:\/\/soundundvision.org\/index.php?rest_route=\/wp\/v2\/posts\/1714\/revisions"}],"wp:featuredmedia":[{"embeddable":true,"href":"https:\/\/soundundvision.org\/index.php?rest_route=\/wp\/v2\/media\/1717"}],"wp:attachment":[{"href":"https:\/\/soundundvision.org\/index.php?rest_route=%2Fwp%2Fv2%2Fmedia&parent=1714"}],"wp:term":[{"taxonomy":"category","embeddable":true,"href":"https:\/\/soundundvision.org\/index.php?rest_route=%2Fwp%2Fv2%2Fcategories&post=1714"},{"taxonomy":"post_tag","embeddable":true,"href":"https:\/\/soundundvision.org\/index.php?rest_route=%2Fwp%2Fv2%2Ftags&post=1714"}],"curies":[{"name":"wp","href":"https:\/\/api.w.org\/{rel}","templated":true}]}}