{"id":2152,"date":"2021-11-15T13:48:30","date_gmt":"2021-11-15T12:48:30","guid":{"rendered":"https:\/\/soundundvision.org\/?p=2152"},"modified":"2021-11-15T14:28:53","modified_gmt":"2021-11-15T13:28:53","slug":"interview-mit-mattie-do","status":"publish","type":"post","link":"https:\/\/soundundvision.org\/?p=2152","title":{"rendered":"Interview mit Mattie Do"},"content":{"rendered":"<p><span style=\"font-family: Arial, sans-serif;\"><span style=\"font-size: large;\">Mattie Do ist die erste kommerziell arbeitende <a href=\"https:\/\/www.imdb.com\/name\/nm5621501\/?ref_=tt_ov_dr\" target=\"_blank\" rel=\"noopener\">Filmemacherin<\/a><\/span><\/span><span style=\"font-family: Arial, sans-serif;\"><span style=\"font-size: large;\"> ihres Heimatlandes Laos. Sie hat dort den ersten Horrorfilm \u00fcberhaupt gedreht und den ersten Spielfilm, der au\u00dferhalb von Laos international gezeigt wurde. Und schlie\u00dflich drehte sie noch den ersten Film aus Laos, der f\u00fcr eine Oscarnominierung in Betracht gezogen wurde. Das <a href=\"https:\/\/www.filmfest-oldenburg.de\/de\" target=\"_blank\" rel=\"noopener\">28. Internationale Filmfest Oldenburg<\/a> hat dieser au\u00dfergew\u00f6hnlichen Filmemacherin in diesem Jahr mit dem Tribute des Festivals eine kleine Werkschau gewidmet. <\/span><\/span><\/p>\n<audio class=\"wp-audio-shortcode\" id=\"audio-2152-1\" preload=\"none\" style=\"width: 100%;\" controls=\"controls\"><source type=\"audio\/mpeg\" src=\"https:\/\/soundundvision.org\/wp-content\/uploads\/2021\/11\/Interview-mit-Mattie-Do-190921.mp3?_=1\" \/><a href=\"https:\/\/soundundvision.org\/wp-content\/uploads\/2021\/11\/Interview-mit-Mattie-Do-190921.mp3\">https:\/\/soundundvision.org\/wp-content\/uploads\/2021\/11\/Interview-mit-Mattie-Do-190921.mp3<\/a><\/audio>\n<p><span lang=\"en-GB\"><i>(Interview with Mattie Do September 19, 2021 in Oldenburg, Germany)<\/i><\/span><\/p>\n<p><span style=\"font-family: Arial, sans-serif;\"><span style=\"font-size: large;\">Ihr aktuellster Film <a href=\"https:\/\/www.trigon-film.org\/de\/movies\/the_long_walk\" target=\"_blank\" rel=\"noopener\">\u201eThe Long Walk\u201c<\/a> lief bereits 2019 in Oldenburg, aber wegen der Pandemie konnte die Filmemacherin im letzten Jahr nicht anreisen. Die Science-Fiction-Geistergeschichte war neben der Vorf\u00fchrung in Oldenburg auch beim Festival in Venedig zu sehen gewesen und sie gewann daf\u00fcr den Preis als beste Regisseurin beim 45. Science-Fiction-Filmfestival in Boston. <\/span><\/span><\/p>\n<p><iframe loading=\"lazy\" title=\"Trailer \u00bbThe Long Walk\u00ab by Mattie Do | Int. Filmfest Oldenburg 2020\" width=\"860\" height=\"484\" src=\"https:\/\/www.youtube.com\/embed\/MgiQyB8cB20?feature=oembed\" frameborder=\"0\" allow=\"accelerometer; autoplay; clipboard-write; encrypted-media; gyroscope; picture-in-picture\" allowfullscreen><\/iframe><\/p>\n<p><span style=\"font-family: Arial, sans-serif;\"><span style=\"font-size: large;\">Mattie Dos Eltern fl\u00fcchteten in den siebziger Jahren vor dem B\u00fcrgerkrieg in Laos in die USA. Sie wuchs in Los Angeles auf und zog 2010 gemeinsam mit ihrem Ehemann, dem Drehbuchautor und Kameramann Christopher Larsen, nach <\/span><\/span><span style=\"font-family: Arial, sans-serif;\"><span style=\"font-size: large;\">Vientiane<\/span><\/span><span style=\"font-family: Arial, sans-serif;\"><span style=\"font-size: large;\">in die Hauptstadt von Laos, um sich dort um ihren Vater zu k\u00fcmmern. 2012 erschien ihr erster Film <a href=\"https:\/\/en.wikipedia.org\/wiki\/Chanthaly\" target=\"_blank\" rel=\"noopener\">\u201eChanthalay\u201c<\/a>, ein Horrorfilm um eine junge Frau die von ihrem Vater aufgrund ihrer Wahnvorstellungen vor der Au\u00dfenwelt versteckt wird. Der Film wurde per Crowdfunding finanziert und ist deshalb auch frei im Internet zu sehen.<\/span><\/span><\/p>\n<p><iframe loading=\"lazy\" title=\"Official Trailer   \u0e99\u0ec9\u0ead\u0e87\u0eae\u0eb1\u0e81 Dearest Sister - Lao PDR, 2016 from Mattie Do\" width=\"860\" height=\"484\" src=\"https:\/\/www.youtube.com\/embed\/w-RHMDhLcGg?feature=oembed\" frameborder=\"0\" allow=\"accelerometer; autoplay; clipboard-write; encrypted-media; gyroscope; picture-in-picture\" allowfullscreen><\/iframe><\/p>\n<p><span style=\"font-family: Arial, sans-serif;\"><span style=\"font-size: large;\">Ihr zweiter Film <a href=\"https:\/\/www.imdb.com\/title\/tt4701908\/\" target=\"_blank\" rel=\"noopener\">\u201eDearest Sister\u201c<\/a> verband 2016 erneut Elemente aus modernen Horrorfilmen mit traditionellen Schauergeschichten und politischen und sozialen Untert\u00f6nen, eine Mischung die zum Markenzeichen ihrer Filme wurde. F\u00fcr diesen Film wurde sie auch f\u00fcr die erw\u00e4hnte Oscarnominierung vorgeschlagen. Au\u00dferdem lief der Film weltweit sehr erfolgreich auf zahlreichen Festivals.<\/span><\/span><\/p>\n<p><a href=\"https:\/\/soundundvision.org\/wp-content\/uploads\/2021\/11\/Mattie-Do-Oldenburg-Eins-II-19.09.2021.jpg\"><img loading=\"lazy\" decoding=\"async\" class=\"alignnone size-medium wp-image-2150\" src=\"https:\/\/soundundvision.org\/wp-content\/uploads\/2021\/11\/Mattie-Do-Oldenburg-Eins-II-19.09.2021-300x225.jpg\" alt=\"\" width=\"300\" height=\"225\" srcset=\"https:\/\/soundundvision.org\/wp-content\/uploads\/2021\/11\/Mattie-Do-Oldenburg-Eins-II-19.09.2021-300x225.jpg 300w, https:\/\/soundundvision.org\/wp-content\/uploads\/2021\/11\/Mattie-Do-Oldenburg-Eins-II-19.09.2021-768x576.jpg 768w, https:\/\/soundundvision.org\/wp-content\/uploads\/2021\/11\/Mattie-Do-Oldenburg-Eins-II-19.09.2021.jpg 1000w\" sizes=\"auto, (max-width: 300px) 100vw, 300px\" \/><\/a><\/p>\n<p><em>(Mattie Do nach dem Interview bei Oldenburg Eins)<\/em><\/p>\n<p><span style=\"font-family: Arial, sans-serif;\"><span style=\"font-size: large;\">Neben ihren drei Regiearbeiten zeigte das Filmfest Oldenburg zudem noch die internationale Koproduktion <a href=\"https:\/\/www.imdb.com\/title\/tt4747380\/?ref_=nm_flmg_prd_3\" target=\"_blank\" rel=\"noopener\">\u201eBangkok Nites\u201c<\/a> (2016), bei der sie Produzentin war und die zugleich auch die erste internationale Koproduktion mit Beteiligung von Laos \u00fcberhaupt darstellt. Mattie Do hat Dinge getan, die vor ihr noch keine Filmemacherin getan hat. Sie ist eine der vision\u00e4rsten Filmemacherinnen unserer Zeit.<br \/>\n<\/span><\/span><\/p>\n<p><iframe loading=\"lazy\" title=\"Chanthaly \u0e88\u0eb1\u0e99\u0e97\u0eb0\u0ea5\u0eb5 (Lao PDR, 2013, 98 minutes, English Subtitles)\" width=\"860\" height=\"484\" src=\"https:\/\/www.youtube.com\/embed\/oYTUlMKd_BI?feature=oembed\" frameborder=\"0\" allow=\"accelerometer; autoplay; clipboard-write; encrypted-media; gyroscope; picture-in-picture\" allowfullscreen><\/iframe><\/p>\n","protected":false},"excerpt":{"rendered":"<p>Mattie Do ist die erste kommerziell arbeitende Filmemacherin ihres Heimatlandes Laos. Sie hat dort den ersten Horrorfilm \u00fcberhaupt gedreht und den ersten Spielfilm, der au\u00dferhalb [&#8230;]<\/p>\n","protected":false},"author":1,"featured_media":2149,"comment_status":"closed","ping_status":"closed","sticky":false,"template":"","format":"standard","meta":{"footnotes":""},"categories":[201,4],"tags":[60,17],"class_list":["post-2152","post","type-post","status-publish","format-standard","has-post-thumbnail","hentry","category-filmfest-oldenburg","category-interviews","tag-festival","tag-filmfest-oldenburg"],"_links":{"self":[{"href":"https:\/\/soundundvision.org\/index.php?rest_route=\/wp\/v2\/posts\/2152","targetHints":{"allow":["GET"]}}],"collection":[{"href":"https:\/\/soundundvision.org\/index.php?rest_route=\/wp\/v2\/posts"}],"about":[{"href":"https:\/\/soundundvision.org\/index.php?rest_route=\/wp\/v2\/types\/post"}],"author":[{"embeddable":true,"href":"https:\/\/soundundvision.org\/index.php?rest_route=\/wp\/v2\/users\/1"}],"replies":[{"embeddable":true,"href":"https:\/\/soundundvision.org\/index.php?rest_route=%2Fwp%2Fv2%2Fcomments&post=2152"}],"version-history":[{"count":0,"href":"https:\/\/soundundvision.org\/index.php?rest_route=\/wp\/v2\/posts\/2152\/revisions"}],"wp:featuredmedia":[{"embeddable":true,"href":"https:\/\/soundundvision.org\/index.php?rest_route=\/wp\/v2\/media\/2149"}],"wp:attachment":[{"href":"https:\/\/soundundvision.org\/index.php?rest_route=%2Fwp%2Fv2%2Fmedia&parent=2152"}],"wp:term":[{"taxonomy":"category","embeddable":true,"href":"https:\/\/soundundvision.org\/index.php?rest_route=%2Fwp%2Fv2%2Fcategories&post=2152"},{"taxonomy":"post_tag","embeddable":true,"href":"https:\/\/soundundvision.org\/index.php?rest_route=%2Fwp%2Fv2%2Ftags&post=2152"}],"curies":[{"name":"wp","href":"https:\/\/api.w.org\/{rel}","templated":true}]}}