{"id":2615,"date":"2023-09-18T21:08:13","date_gmt":"2023-09-18T19:08:13","guid":{"rendered":"https:\/\/soundundvision.org\/?p=2615"},"modified":"2023-09-19T13:36:24","modified_gmt":"2023-09-19T11:36:24","slug":"12-tipps-fuers-reeperbahn-festival-2023","status":"publish","type":"post","link":"https:\/\/soundundvision.org\/?p=2615","title":{"rendered":"12 Tipps f\u00fcrs Reeperbahn Festival"},"content":{"rendered":"<p><span style=\"font-size: large;\"><span style=\"font-family: Arial, sans-serif;\">Das <a href=\"https:\/\/www.reeperbahnfestival.com\/\" target=\"_blank\" rel=\"noopener\">Reeperbahn Festival<\/a> wird erwachsen. Mit 18 ist die Teenagerzeit vorbei und es gilt sich der Erwachsenenwelt zu stellen. Ganz so schlimm wird es nat\u00fcrlich nicht bei der achtzehnten Ausgabe des Festivals rund um den Hamburger Stadtteil St. Pauli werden &#8211; daf\u00fcr sorgen weit \u00fcber 300 Bands und K\u00fcnstler*innen, die ab Mittwoch bei ihren Konzerten in der Hansestadt auf kleinen Kellerb\u00fchnen und in gro\u00dfen (Elb-)Philharmonies\u00e4len spielen werden. <\/span><\/span><\/p>\n<p><span style=\"font-size: large;\"><span style=\"font-family: Arial, sans-serif;\">Aber Nachwirkungen der Pandemie und der Krieg Russlands gegen die Ukraine sorgen weiterhin f\u00fcr wirtschaftliche N\u00f6te in der Musikbranche. Das Reeperbahn Festival stellt bewusst den Nachwuchs in den Mittelpunkt, denn besonders j\u00fcngere Musiker*innen m\u00fcssen sich weiterhin mit Konzertausf\u00e4llen oder ganzen Tourabsagen auseinandersetzen, w\u00e4hrend gro\u00dfe Popstars f\u00fcr Unsummen in riesigen Arenen spielen. Lediglich eine Folge von Angebot und Nachfrage? Dar\u00fcber wird auf den zahlreichen Konferenzveranstaltungen des Festivals mit Musikerinnen, Labels, Tourneeveranstalterinnen, Festivalmachern und Personen aus den Medien diskutiert werden m\u00fcssen. <\/span><\/span><\/p>\n<p><span style=\"font-size: large;\"><span style=\"font-family: Arial, sans-serif;\"><a href=\"https:\/\/soundundvision.org\/wp-content\/uploads\/2023\/09\/Reeperbahn-Festival-2.jpg\"><img loading=\"lazy\" decoding=\"async\" class=\"alignnone size-medium wp-image-2596\" src=\"https:\/\/soundundvision.org\/wp-content\/uploads\/2023\/09\/Reeperbahn-Festival-2-300x226.jpg\" alt=\"\" width=\"300\" height=\"226\" srcset=\"https:\/\/soundundvision.org\/wp-content\/uploads\/2023\/09\/Reeperbahn-Festival-2-300x226.jpg 300w, https:\/\/soundundvision.org\/wp-content\/uploads\/2023\/09\/Reeperbahn-Festival-2-768x578.jpg 768w, https:\/\/soundundvision.org\/wp-content\/uploads\/2023\/09\/Reeperbahn-Festival-2.jpg 1000w\" sizes=\"auto, (max-width: 300px) 100vw, 300px\" \/><\/a><\/span><\/span><\/p>\n<p><span style=\"font-size: large;\"><span style=\"font-family: Arial, sans-serif;\">Das Festival selbst hofft in diesem Jahr erstmals wieder an die Zahlen vor der Pandemie ankn\u00fcpfen zu k\u00f6nnen. 2019 waren zuletzt 50.000 Menschen gekommen. Dann brachen die Zahlen wegen Corona ein, aber im letzten Jahr waren es bereits wieder 41.000 Besucher*innen.<\/span><\/span><\/p>\n<p><span style=\"font-size: large;\"><span style=\"font-family: Arial, sans-serif;\">Dabei helfen sollen nat\u00fcrlich vor allem bekannte Acts wie die Pretenders, Billy Bragg, The Hives oder die Blood Red Shoes, und bei der Kritik angesagte Musiker*innen wie die Britin <a href=\"https:\/\/www.arloparksofficial.com\/\" target=\"_blank\" rel=\"noopener\">Arlos Park<\/a>, die bei der Er\u00f6ffnungsgala dabei ist, oder die niederl\u00e4ndische-t\u00fcrkische Combo <a href=\"https:\/\/altingunband.com\/\" target=\"_blank\" rel=\"noopener\">Altin G\u00fcn<\/a>, die dieses Jahr in der Elbphilharmonie auftreten.<\/span><\/span><\/p>\n<p><span style=\"font-size: large;\"><span style=\"font-family: Arial, sans-serif;\">F\u00fcr meine Sendung konzentriere ich mich wie gewohnt auf au\u00dfergew\u00f6hnliche Sounds zwischen Ambient, Postpunk, (Neo-)Klassik und Dream Pop an der Grenze zur experimentellen Musik, diesmal mit zw\u00f6lf K\u00fcnstler*innen, deren Musik ich schon bei soundundvision vorgestellt habe, oder es nach dem Reeperbahn Festival noch tun werde.<br \/>\n<\/span><\/span><\/p>\n<p>&nbsp;<\/p>\n<p><span style=\"font-size: large;\"><span style=\"font-family: Arial, sans-serif;\">Arab Strap<\/span><\/span><\/p>\n<p><span style=\"font-size: large;\"><span style=\"font-family: Arial, sans-serif;\">Die Band <a href=\"https:\/\/www.arabstrap.scot\/\" target=\"_blank\" rel=\"noopener\">Arab Strap<\/a> geh\u00f6rte Ende der neunziger Jahre neben den Postrockern von Mogwai zu den musikalisch aufregendsten neuen Gruppen Schottlands. Im Lauf der Zeit kristallisierten sich Aidan Moffat und Malcolm Middleton als Kernduo heraus, und ver\u00f6ffentlichten zahlreiche Platten zwischen Folktronica, Low-Fi-Pop und d\u00fcsterem Postrock. Nach zehn Jahren Pause und zahlreichen Soloprojekt kehrten sie 2016 als Arab Strap zur\u00fcck. Im November wird die Band sechs Akustik-Shows zum 25-j\u00e4hrigen Jubil\u00e4um ihres Albums \u201ePhilophobia\u201c aus dem Jahr 1998 in Deutschland spielen. Vorher sind sie schon in Hamburg zu einem exklusiven Festivalgig zu Gast.<\/span><\/span><\/p>\n<p><span style=\"font-size: large;\"><span style=\"font-family: Arial, sans-serif;\">Samstag, 23.09. 21:40h Gr\u00fcnspan<\/span><\/span><\/p>\n<p><iframe loading=\"lazy\" title=\"Arab Strap - Here Comes Comus! (Official Video)\" width=\"860\" height=\"645\" src=\"https:\/\/www.youtube.com\/embed\/1MhcEW5cJ3g?feature=oembed\" frameborder=\"0\" allow=\"accelerometer; autoplay; clipboard-write; encrypted-media; gyroscope; picture-in-picture; web-share\" allowfullscreen><\/iframe><\/p>\n<p>&nbsp;<\/p>\n<p><span style=\"font-size: large;\"><span style=\"font-family: Arial, sans-serif;\">Die Selektion<\/span><\/span><\/p>\n<p><span style=\"font-size: large;\"><span style=\"font-family: Arial, sans-serif;\">Rechtzeitig zum Festival erscheint am Freitag das neue Album \u201eZeuge Aus Licht\u201c von <a href=\"https:\/\/dieselektion.com\/merch\" target=\"_blank\" rel=\"noopener\">Die Selektion<\/a>. Das Stuttgarter Coldwave-Quartett wurde 2010 von S\u00e4nger Luca Gillian, Trompeter Hannes Rief und Produzent Max Rieger (Die Nerven, All Diese Gewalt) gegr\u00fcndet. 2012 stie\u00df Samuel Savenberg dazu und komplettierte das gleichberechtigt arbeitende Kollektiv. \u201eZeuge Aus Licht\u201c besticht durch einen klaren, treibenden Sound, der durchaus Erinnerungen an DAF oder Depeche Mode weckt, aber durch Einsatz von Riefs Trompete musikalisch neue Wege beschreitet und mit Elementen aus Pop, EBM und Postpunk ein electroaffines Publikum weit \u00fcber Deutschland hinaus anspricht. Dies hat die Band\u00a0 bei Konzerte quer durch Europa und dar\u00fcber hinaus sogar bis nach Mexiko unter Beweis gestellt.<\/span><\/span><\/p>\n<p><span style=\"font-size: large;\"><span style=\"font-family: Arial, sans-serif;\">Donnerstag, 21.09. 22:10h Baalsaal<\/span><\/span><\/p>\n<p><iframe loading=\"lazy\" title=\"Die Selektion - Zeuge aus Licht (Official Video)\" width=\"860\" height=\"484\" src=\"https:\/\/www.youtube.com\/embed\/79DGQcXykdM?feature=oembed\" frameborder=\"0\" allow=\"accelerometer; autoplay; clipboard-write; encrypted-media; gyroscope; picture-in-picture; web-share\" allowfullscreen><\/iframe><\/p>\n<p>&nbsp;<\/p>\n<p><span style=\"font-size: large;\"><span style=\"font-family: Arial, sans-serif;\">Egyptian Blue<\/span><\/span><\/p>\n<p><span style=\"font-size: large;\"><span style=\"font-family: Arial, sans-serif;\">Die britische Formation <a href=\"https:\/\/www.facebook.com\/egyptianblueinc\" target=\"_blank\" rel=\"noopener\">Egyptian Blue<\/a> bezieht sich wie viele andere moderne Bands auf den klassischen britischen Postpunk von Bands wie Public Image Limited oder Wire. Die Gruppe aus Brighton bringt diesen Stil sch\u00f6n ungest\u00fcm und melodisch auf die B\u00fchne, wobei sie vor wilden Noise-Attacken und Feedbackorgien nicht zur\u00fcckschrecken. Die flirrenden Girtarrenlinien d\u00fcrften Fans der IDLES genauso so ansprechen, wie alle, die die fr\u00fchen Editors gut fanden. Das Deb\u00fctalbum \u201eA Living Commodity\u201c erscheint am 27. Oktober. <\/span><\/span><\/p>\n<p><span style=\"font-size: large;\"><span style=\"font-family: Arial, sans-serif;\">Freitag, 22.09. 23:55h Molotow \/ Backyard <\/span><\/span><\/p>\n<p><iframe loading=\"lazy\" title=\"Egyptian Blue - Skin (Official Video)\" width=\"860\" height=\"484\" src=\"https:\/\/www.youtube.com\/embed\/btz4OevRZ8k?feature=oembed\" frameborder=\"0\" allow=\"accelerometer; autoplay; clipboard-write; encrypted-media; gyroscope; picture-in-picture; web-share\" allowfullscreen><\/iframe><\/p>\n<p>&nbsp;<\/p>\n<p><span style=\"font-size: large;\"><span style=\"font-family: Arial, sans-serif;\">Etran de L\u2019Air<\/span><\/span><\/p>\n<p><span style=\"font-size: large;\"><span style=\"font-family: Arial, sans-serif;\">Seit mehr als 25 Jahren geh\u00f6ren <a href=\"https:\/\/etrandelair.bandcamp.com\/album\/live-in-seattle\" target=\"_blank\" rel=\"noopener\">Etran de L\u2019Air<\/a> zu den wichtigsten Rockbands aus Afrika. Die Gruppe begann wie viele Bands aus Nordafrika als Hochzeitsband, und ist ein Familienunternehmen. So war der aktuelle Bandleader Moussa \u201eAbindi\u201c Ibar bei der Bandgr\u00fcndung 1995 erst neun Jahre alt. Im letzten Jahr haben sie mit dem Album \u201eAgadez\u201c ihrer Heimatstadt in Niger ein Denkmal gesetzt. Trotz musikalischer Verbindungen zu Bands wie Tinariwen, Imarhan oder Mdou Moctar verstehen Etran de L\u2019Air ihre Musik vor allem als pan-afrikanischen Sound, der sich weniger an westliche Rockmusik anlehnt, als dies andere Bands tun. Trotzdem oder gerade deswegen wird ihre Musik auf der ganzen Welt verstanden, wie eine lange Sommer-Tour quer durch Amerika gezeigt hat. Passend dazu gibt es auch eine neue EP mit dem Titel \u201eLive In Seattle\u201c.<\/span><\/span><\/p>\n<p><span style=\"font-size: large;\"><span style=\"font-family: Arial, sans-serif;\">Mittwoch, 20.09. 22:00h Angie&#8217;s Nightclub <\/span><\/span><\/p>\n<p><iframe loading=\"lazy\" title=\"Etran de L&#039;A\u00efr - Toubouk Ine Chihoussay (Official Video)\" width=\"860\" height=\"484\" src=\"https:\/\/www.youtube.com\/embed\/IxMvKqUC93o?feature=oembed\" frameborder=\"0\" allow=\"accelerometer; autoplay; clipboard-write; encrypted-media; gyroscope; picture-in-picture; web-share\" allowfullscreen><\/iframe><\/p>\n<p>&nbsp;<\/p>\n<p><span style=\"font-size: large;\"><span style=\"font-family: Arial, sans-serif;\">Gaspar Claus &amp; Casper Clausen<\/span><\/span><\/p>\n<p><span style=\"font-size: large;\"><span style=\"font-family: Arial, sans-serif;\">Der d\u00e4nische S\u00e4nger <a href=\"https:\/\/www.facebook.com\/captaincasablanca\/\" target=\"_blank\" rel=\"noopener\">Casper Clausen<\/a> hat schon beim Festival 2021 in der St.Pauli Kirche sein Soloalbum \u201eBetter Ways\u201c pr\u00e4sentiert und bewiesen, dass Konzerte unter Coronabedingungen ein verbindendes und positives Erlebnis darstellen k\u00f6nnen. Danach war er zun\u00e4chst in seiner gewohnten Rolle als S\u00e4nger der Band Efterklang unterwegs, um nun erneut mit Solomaterial nach Hamburg zur\u00fcckzukehren. Ganz allein ist er dabei nicht, denn mit dem franz\u00f6sischen Cellisten <a href=\"https:\/\/gasparclaus.com\/\" target=\"_blank\" rel=\"noopener\">Gaspar Claus<\/a> hat er einen ausgewiesenen Meister in Sachen Filmmusik, Klassik und Improvisation an zur Seite, dessen gro\u00dfartiges Soloalbum \u201eTancade\u201c ich 2021 schon in meiner Sendung vorgestellt habe. Claus &amp; Clausen haben 2018 ihr erstes gemeinsames Album herausgebracht; jetzt kommen sie in Hamburg wieder zusammen und spielen erneut in der St.Pauli-Kirche. <\/span><\/span><\/p>\n<p><span style=\"font-size: large;\"><span style=\"font-family: Arial, sans-serif;\">Samstag, 23.09. 23:20h St. Pauli-Kirche <\/span><\/span><\/p>\n<p><iframe loading=\"lazy\" title=\"Gaspar Claus &amp; Casper Clausen - Lisboa (album out on Nov. 10th 2016)\" width=\"860\" height=\"484\" src=\"https:\/\/www.youtube.com\/embed\/VyxHdGy1aag?feature=oembed\" frameborder=\"0\" allow=\"accelerometer; autoplay; clipboard-write; encrypted-media; gyroscope; picture-in-picture; web-share\" allowfullscreen><\/iframe><\/p>\n<p>&nbsp;<\/p>\n<p><span style=\"font-size: large;\"><span style=\"font-family: Arial, sans-serif;\">Hauschka<\/span><\/span><\/p>\n<p><span style=\"font-size: large;\"><span style=\"font-family: Arial, sans-serif;\">Mit dem Gewinn des Oscars f\u00fcr die beste Filmmusik f\u00fcr \u201eIm Westen nichts Neues\u201c ist der deutsche Komponist und Pianist <a href=\"https:\/\/hauschka-net.de\/\" target=\"_blank\" rel=\"noopener\">Volker Bertelmann<\/a> \u00fcber Nacht weltweit bekannt geworden. Sp\u00e4ter Ruhm f\u00fcr einen Mann, der schon seit den fr\u00fchen Neunziger Jahren Unmengen an Musik von Hip-Hop \u00fcber Pop bis zu Indierock und elektronischer Experimentalmusik ver\u00f6ffentlicht hat, da sind drei\u00dfig Filmmusiken noch gar nicht eingerechnet. Unter dem Namen Hauschka ist er f\u00fcr Musik zwischen Klassik und Ambient weltweit ein Begriff. In Hamburg pr\u00e4sentiert er zum ersten Mal sein neues Album \u201ePhilanthropy\u201c live, welches dann am 20. Oktober auf dem Berliner Label City Slang erscheinen soll.<\/span><\/span><\/p>\n<p><span style=\"font-size: large;\"><span style=\"font-family: Arial, sans-serif;\">Freitag, 22.09. 19:30h resonanzraum <\/span><\/span><\/p>\n<p><iframe loading=\"lazy\" title=\"Hauschka - Loved Ones (Official Video)\" width=\"860\" height=\"484\" src=\"https:\/\/www.youtube.com\/embed\/YtPY8I_a7kE?feature=oembed\" frameborder=\"0\" allow=\"accelerometer; autoplay; clipboard-write; encrypted-media; gyroscope; picture-in-picture; web-share\" allowfullscreen><\/iframe><\/p>\n<p>&nbsp;<\/p>\n<p><span style=\"font-size: large;\"><span style=\"font-family: Arial, sans-serif;\">Ichiko Aoba<\/span><\/span><\/p>\n<p><span style=\"font-size: large;\"><span style=\"font-family: Arial, sans-serif;\">Sehr exklusiv ist der Auftritt der japanischen Folk-S\u00e4ngerin und Songwriterin <a href=\"https:\/\/ichikoaoba.com\/\" target=\"_blank\" rel=\"noopener\">Ichiko Aoba<\/a>, die nur \u00e4u\u00dferst selten in Deutschland zu sehen ist. Ihr Hauptinstrument ist die Gitarre, auf der sie den Gro\u00dfteil ihrer Musik komponiert, die unter anderem von den Filmen des Studio Ghibli und den klassischen Disney-Produktionen <\/span><span style=\"color: #000000;\"><span style=\"font-family: Arial, sans-serif;\">beeinflusst ist. <\/span><\/span><span style=\"font-family: Arial, sans-serif;\">Sie spielt au\u00dferdem Klavier, Klarinette, Akkordeon und Fl\u00f6te. Ihre Musik wird in Computerspielen und Animes verwendet, und ihre fantastischen Texte und Geschichten sind h\u00e4ufig von ihren Tr\u00e4umen inspiriert. Sie hat in der Vergangenheit schon mit Ryuichi Sakamoto, Cornelius und Mac De Marco zusammengearbeitet. In Hamburg pr\u00e4sentiert sie ihr aktuelles Album \u201e Sketch (<\/span><\/span><span style=\"font-family: Lucida Sans Unicode;\"><span style=\"font-size: large;\"><span style=\"font-family: Arial, sans-serif;\">\u9752\u8449\u5e02\u5b50<\/span><\/span><\/span><span style=\"font-size: large;\"><span style=\"font-family: Arial, sans-serif;\">)\u201c.<\/span><\/span><\/p>\n<p><span style=\"font-size: large;\"><span style=\"font-family: Arial, sans-serif;\">Donnerstag, 21.09. 20:00h Gr\u00fcnspan <\/span><\/span><\/p>\n<p><iframe loading=\"lazy\" title=\"Ichiko Aoba with 12 Ensemble - Sagu Palm\u02bcs Song (Live at Milton Court)\" width=\"860\" height=\"484\" src=\"https:\/\/www.youtube.com\/embed\/KC7u_LWfqgM?feature=oembed\" frameborder=\"0\" allow=\"accelerometer; autoplay; clipboard-write; encrypted-media; gyroscope; picture-in-picture; web-share\" allowfullscreen><\/iframe><\/p>\n<p>&nbsp;<\/p>\n<p><span style=\"font-size: large;\"><span style=\"font-family: Arial, sans-serif;\">Kids With Buns<\/span><\/span><\/p>\n<p><span style=\"font-size: large;\"><span style=\"font-family: Arial, sans-serif;\">Neue Musik aus Belgien gibt es von Bedroom-Producer- \/ Dream-Pop-Duo <a href=\"https:\/\/www.kidswithbuns.be\/\" target=\"_blank\" rel=\"noopener\">Kids With Buns<\/a>. Marie Van Uytvanck und Amber Piddington haben sich 2019 zusammengetan, und sich nach dem Gorillaz-Song \u201eKids With Guns\u201c benannt, den sie entsprechend verballhornt haben. Mit ihren ersten Singles haben sie in der Heimat schon zahlreiche Musikwettbewerbe gewonnen. Der gr\u00f6\u00dfte Erfolg waren dann im letzten Jahr zwei ausverkaufte Konzerte im legend\u00e4ren Ancienne Belgique. Marie nennt den gro\u00dfen Folks\u00e4nger Nick Drake als Vorbild, w\u00e4hrend Gitarristen Amber sich von Ben Howard inspiriert sieht. Au\u00dferdem sind beide gro\u00dfe Fans von Marie Ulven Ringheim, besser bekannt als girl in red. Das alles wird auf ihrem lang erwarten ersten Album \u201eOut Of Place\u201c zu h\u00f6ren sein, das am 13. Oktober erscheint. Und nat\u00fcrlich vorab schon live bei ihrem Auftritt in Hamburg<\/span><\/span><\/p>\n<p><span style=\"font-size: large;\"><span style=\"font-family: Arial, sans-serif;\">Donnerstag, 21.09. 21:40h Imperial Theater <\/span><\/span><\/p>\n<p><iframe loading=\"lazy\" title=\"Kids With Buns - how bad could it be (Official Video)\" width=\"860\" height=\"645\" src=\"https:\/\/www.youtube.com\/embed\/EZVAQZwnDoY?feature=oembed\" frameborder=\"0\" allow=\"accelerometer; autoplay; clipboard-write; encrypted-media; gyroscope; picture-in-picture; web-share\" allowfullscreen><\/iframe><\/p>\n<p>&nbsp;<\/p>\n<p><span style=\"font-size: large;\"><span style=\"font-family: Arial, sans-serif;\">Moritz Fasbender<\/span><\/span><\/p>\n<p><span style=\"font-size: large;\"><span style=\"font-family: Arial, sans-serif;\">Die in Leipzig lebende Komponisten <a href=\"https:\/\/www.friederikebernhardt.com\/moritzfasbender\" target=\"_blank\" rel=\"noopener\">Friederike Bernhardt<\/a> hat in den letzten Jahren vor allem Musik f\u00fcr zahlreiche Theater- und Rundfunkproduktionen ver\u00f6ffentlicht. Moritz Fasbender ist eines ihrer Pseudonyme f\u00fcr eigene Kompositionen zwischen elektro-akustischer Musik, Klassik und Ambient. Mitunter arbeitet sie mit Ger\u00e4uschen, Samples und Stimmen, die sie dann mit Sounds aus dem Klavier und dem Synthesizer verbindet. Im letzten Jahr hat sie mit \u201e13 Rabbits\u201c ihr Deb\u00fctalbum als Moritz Fasbender herausgebracht, welches sie jetzt auch in Hamburg live pr\u00e4sentiert.<\/span><\/span><\/p>\n<p><span style=\"font-size: large;\"><span style=\"font-family: Arial, sans-serif;\">Freitag, 22.09. 22:00h resonanzraum <\/span><\/span><\/p>\n<p><iframe loading=\"lazy\" title=\"Moritz Fasbender \u2013 Swifts (Official Video)\" width=\"860\" height=\"484\" src=\"https:\/\/www.youtube.com\/embed\/N3BS1bwmzyU?feature=oembed\" frameborder=\"0\" allow=\"accelerometer; autoplay; clipboard-write; encrypted-media; gyroscope; picture-in-picture; web-share\" allowfullscreen><\/iframe><\/p>\n<p>&nbsp;<\/p>\n<p><span style=\"font-size: large;\"><span style=\"font-family: Arial, sans-serif;\">Sophie Blenda<\/span><\/span><\/p>\n<p><span style=\"font-size: large;\"><span style=\"font-family: Arial, sans-serif;\">Die \u00f6sterreichische Songschreiberin und S\u00e4ngerin Sophia L\u00f6w hat unter dem Namen <a href=\"https:\/\/www.sophiablenda.com\/\" target=\"_blank\" rel=\"noopener\">Sophie Blenda<\/a> im letzten Jahr ihr erstes Soloalbum \u201eDie Neue Heiterkeit\u201c herausgebracht. Nach zwei ungest\u00fcm-rockigen Alben als S\u00e4ngerin der Wiener Postpunk-Band <a href=\"https:\/\/www.facebook.com\/culkmusic\/?locale=de_DE\" target=\"_blank\" rel=\"noopener\">CULK<\/a> fand sich darauf d\u00fcsterer kammermusikalischer Experimentalpop mit viel Klavier und d\u00fcsteren Synthesizerfl\u00e4chen. In ihren Texten widmet sie sich feministischen und sozialen Fragen, und untersucht Stereotype und K\u00f6rperbilder. Aufgenommen hat sie das Album mit Jakob Herber, Schlagzeuger von FLUT und Produzent beider CULK-Alben. Bevor im November das dritte CULK-Album \u201eGeneration Maximum\u201c erscheinen wird, gibt es in Hamburg noch einmal die Gelegenheit Sophia L\u00f6w aka Sophie Blenda solo zu erleben. <\/span><\/span><\/p>\n<p><span style=\"font-size: large;\"><span style=\"font-family: Arial, sans-serif;\">Freitag, 22.09. 19:50h St.Pauli-Kirche <\/span><\/span><\/p>\n<p><iframe loading=\"lazy\" title=\"SOPHIA BLENDA - FUN\" width=\"860\" height=\"484\" src=\"https:\/\/www.youtube.com\/embed\/wArm67abfWg?feature=oembed\" frameborder=\"0\" allow=\"accelerometer; autoplay; clipboard-write; encrypted-media; gyroscope; picture-in-picture; web-share\" allowfullscreen><\/iframe><\/p>\n<p>&nbsp;<\/p>\n<p><span style=\"font-size: large;\"><span style=\"font-family: Arial, sans-serif;\">Tirzah<\/span><\/span><\/p>\n<p><span style=\"font-size: large;\"><span style=\"font-family: Arial, sans-serif;\">2021 hatte die britische S\u00e4ngerin und Songschreiberin <a href=\"https:\/\/www.tirzah.uk\/\" target=\"_blank\" rel=\"noopener\">Tirzah Mastin<\/a> mit ihrem zweiten Album \u201eColourgrade\u201c ihren Durchbruch. Der Nachfolger ihres Deb\u00fcts \u201eDevotion\u201c (2018) entstand gr\u00f6\u00dftenteils auf Tour. Sie hat zahlreiche Konzerte mit ihren musikalischen Partner*innen Mica Levi und Coby Sey gespielt. Levi, bekannt f\u00fcr ihre zahlreichen Filmmusiken , beispielsweise f\u00fcr \u201eUnder the Skin\u201c oder \u201eJackie\u201c, hat das Album als Produzentin begleitet, w\u00e4hrende Coby Sey des Albums abgemischt hat.<br \/>\nIhre Musik ist eine Art Bedroom-Pop mit Singer-Songwriter-Anteilen, gepaart mit Noise, experimentellen Sounds und R&amp;B-Versatzst\u00fccken. Anfang September erschien dann ihr \u00dcberraschungsalbum \u201eTrip9love\u201c, welches sie allein mit Mica Levi im Duo nur auf Drumcomputer und Klavier eingespielt hat. <\/span><\/span><\/p>\n<p><span style=\"font-size: large;\"><span style=\"font-family: Arial, sans-serif;\">Samstag, 23.09. 21:15h \u00dcbel &amp; Gef\u00e4hrlich <\/span><\/span><\/p>\n<p><iframe loading=\"lazy\" title=\"Tirzah - F22 (Official Audio)\" width=\"860\" height=\"484\" src=\"https:\/\/www.youtube.com\/embed\/Rfhx7ZdmUpk?feature=oembed\" frameborder=\"0\" allow=\"accelerometer; autoplay; clipboard-write; encrypted-media; gyroscope; picture-in-picture; web-share\" allowfullscreen><\/iframe><\/p>\n<p>&nbsp;<\/p>\n<p><span style=\"font-size: large;\"><span style=\"font-family: Arial, sans-serif;\">Zaho De Sagazan<\/span><\/span><\/p>\n<p><span style=\"font-size: large;\"><span style=\"font-family: Arial, sans-serif;\">Die franz\u00f6sische S\u00e4ngerin <a href=\"https:\/\/www.facebook.com\/zahodesagazan\/\" target=\"_blank\" rel=\"noopener\">Zaho de Sagazan<\/a> ist in ihrem Heimatland schon einige Zeit als Vertreterin einer neuen Variante des Chansons bekannt. Ihre d\u00fcster-elektronischen Kompositionen beziehen sich zwar auf Jacques Brel und Christoph, aber sie nennt ebenso Kraftwerk als gro\u00dfen Einfluss. Die klassisch ausgebildete Pianistin nutzt reduzierte Klavierst\u00fccke mit kammermusikalischem Flair als Ausgangspunkt f\u00fcr ein Abdriften in elektronische Kompositionen. Diese k\u00f6nnen zuweilen radikal-avantgardistisch daherkommen, oder gar Pop-Appeal besitzen, wie zahlreiche Radioeins\u00e4tze bei franz\u00f6sischen Stationen beweisen. Im M\u00e4rz erschien in Frankreich ihr erstes Album \u201eLa symphonie des \u00e9clairs\u201c.<\/span><\/span><\/p>\n<p><span style=\"font-size: large;\"><span style=\"font-family: Arial, sans-serif;\">Mittwoch, 20.09. 23:00h Nochtspeicher <\/span><\/span><\/p>\n<p><iframe loading=\"lazy\" title=\"Zaho de Sagazan - Dis-moi que tu m&#039;aimes (modular version)\" width=\"860\" height=\"484\" src=\"https:\/\/www.youtube.com\/embed\/qMNLOTk-y7w?feature=oembed\" frameborder=\"0\" allow=\"accelerometer; autoplay; clipboard-write; encrypted-media; gyroscope; picture-in-picture; web-share\" allowfullscreen><\/iframe><\/p>\n<p>&nbsp;<\/p>\n<p>&nbsp;<\/p>\n<p>&nbsp;<\/p>\n","protected":false},"excerpt":{"rendered":"<p>Das Reeperbahn Festival wird erwachsen. Mit 18 ist die Teenagerzeit vorbei und es gilt sich der Erwachsenenwelt zu stellen. Ganz so schlimm wird es nat\u00fcrlich [&#8230;]<\/p>\n","protected":false},"author":1,"featured_media":2595,"comment_status":"closed","ping_status":"closed","sticky":false,"template":"","format":"standard","meta":{"footnotes":""},"categories":[223,204],"tags":[60,10,205,188],"class_list":["post-2615","post","type-post","status-publish","format-standard","has-post-thumbnail","hentry","category-musiktexte","category-reeperbahn-festival","tag-festival","tag-konzert","tag-live","tag-reeperbahn-festival"],"_links":{"self":[{"href":"https:\/\/soundundvision.org\/index.php?rest_route=\/wp\/v2\/posts\/2615","targetHints":{"allow":["GET"]}}],"collection":[{"href":"https:\/\/soundundvision.org\/index.php?rest_route=\/wp\/v2\/posts"}],"about":[{"href":"https:\/\/soundundvision.org\/index.php?rest_route=\/wp\/v2\/types\/post"}],"author":[{"embeddable":true,"href":"https:\/\/soundundvision.org\/index.php?rest_route=\/wp\/v2\/users\/1"}],"replies":[{"embeddable":true,"href":"https:\/\/soundundvision.org\/index.php?rest_route=%2Fwp%2Fv2%2Fcomments&post=2615"}],"version-history":[{"count":0,"href":"https:\/\/soundundvision.org\/index.php?rest_route=\/wp\/v2\/posts\/2615\/revisions"}],"wp:featuredmedia":[{"embeddable":true,"href":"https:\/\/soundundvision.org\/index.php?rest_route=\/wp\/v2\/media\/2595"}],"wp:attachment":[{"href":"https:\/\/soundundvision.org\/index.php?rest_route=%2Fwp%2Fv2%2Fmedia&parent=2615"}],"wp:term":[{"taxonomy":"category","embeddable":true,"href":"https:\/\/soundundvision.org\/index.php?rest_route=%2Fwp%2Fv2%2Fcategories&post=2615"},{"taxonomy":"post_tag","embeddable":true,"href":"https:\/\/soundundvision.org\/index.php?rest_route=%2Fwp%2Fv2%2Ftags&post=2615"}],"curies":[{"name":"wp","href":"https:\/\/api.w.org\/{rel}","templated":true}]}}