{"id":510,"date":"2016-01-23T11:03:21","date_gmt":"2016-01-23T10:03:21","guid":{"rendered":"http:\/\/soundundvision.org\/?p=510"},"modified":"2019-11-09T19:14:20","modified_gmt":"2019-11-09T18:14:20","slug":"interview-mit-fish-ii-return-to-childhood","status":"publish","type":"post","link":"https:\/\/soundundvision.org\/?p=510","title":{"rendered":"Interview mit Fish II &#8211; Return To Childhood"},"content":{"rendered":"<p>Anfang der achtziger Jahre waren Marillion die richtige Band zur v\u00f6llig falschen Zeit. W\u00e4hrend die ehemaligen Supergruppen des Progressive Rock wie <a href=\"https:\/\/www.youtube.com\/watch?v=ELpmmeT69cE\" target=\"_blank\" rel=\"noopener noreferrer\">Yes<\/a> oder <a href=\"https:\/\/www.youtube.com\/watch?v=khg2sloLzTI\" target=\"_blank\" rel=\"noopener noreferrer\">Genesis<\/a> l\u00e4ngst lupenreine Popsingles ver\u00f6ffentlichten, spielte die britische Band um den schottischen S\u00e4nger Derek Dick, besser bekannt als Fish, wie ein trotziger kleiner Dinosaurier immer noch eher verkopfte <a href=\"https:\/\/www.youtube.com\/watch?v=gaBjdLQ0LJ0\" target=\"_blank\" rel=\"noopener noreferrer\">Mini-Rockopern<\/a> im Stil ihrer gro\u00dfen Vorbilder aus den Siebzigern. Die Fangemeinde der Gruppe war anfangs eher \u00fcberschaubar. Das alles \u00e4nderte sich 1985 schlagartig mit &#8222;Kayleigh&#8220;.<\/p>\n<p>Der Song \u00fcber Reue und Verlust wurde der einzige gro\u00dfe Hit der Band und sorgte daf\u00fcr, dass sie \u00fcber Nacht in ausverkauften Stadien und auf gro\u00dfen <a href=\"https:\/\/www.youtube.com\/watch?v=iNvvfjqMuVQ\" target=\"_blank\" rel=\"noopener noreferrer\">Freilichtb\u00fchnen<\/a> auftreten konnten. Gleichzeitig war der pl\u00f6tzliche Ruhm auch der Ausl\u00f6ser f\u00fcr die Trennung von S\u00e4nger und Band nur drei Jahre sp\u00e4ter.<\/p>\n<p>Die dazugeh\u00f6rige Platte &#8222;Misplaced Childhood&#8220; hatte die Band in West-Berlin aufgenommen. In den mittlerweile legend\u00e4ren <a href=\"http:\/\/www.hansatonstudio.de\/\" target=\"_blank\" rel=\"noopener noreferrer\">Hansastudios<\/a> an der Mauer, wo acht Jahre zuvor David Bowie schon <a href=\"https:\/\/vimeo.com\/61199698\" target=\"_blank\" rel=\"noopener noreferrer\">&#8222;Heroes&#8220;<\/a> produziert hatte. Auch das dazugeh\u00f6rige Video wurde in Kreuzberg und Charlottenburg gedreht. Zum 30-j\u00e4hrigen Jubil\u00e4um der Platte war Fish nun auf der &#8222;Return To Childhood&#8220;-Tour und spielte im Herbst in der Oldenburger <a href=\"http:\/\/www.kulturetage.de\/\" target=\"_blank\" rel=\"noopener noreferrer\">Kulturetage<\/a>. Das Konzert war schon Monate vorher ausverkauft, wie nahezu alle Abende der Tour.<\/p>\n<p><a href=\"http:\/\/soundundvision.org\/wp-content\/uploads\/2016\/01\/Fish_Childhoods_End_2015.jpg\" rel=\"attachment wp-att-504\"><img loading=\"lazy\" decoding=\"async\" class=\"alignnone size-medium wp-image-504\" src=\"http:\/\/soundundvision.org\/wp-content\/uploads\/2016\/01\/Fish_Childhoods_End_2015-300x225.jpg\" alt=\"Fish_Childhoods_End_2015\" width=\"300\" height=\"225\" srcset=\"https:\/\/soundundvision.org\/wp-content\/uploads\/2016\/01\/Fish_Childhoods_End_2015-300x225.jpg 300w, https:\/\/soundundvision.org\/wp-content\/uploads\/2016\/01\/Fish_Childhoods_End_2015-768x576.jpg 768w, https:\/\/soundundvision.org\/wp-content\/uploads\/2016\/01\/Fish_Childhoods_End_2015.jpg 1000w\" sizes=\"auto, (max-width: 300px) 100vw, 300px\" \/><\/a><\/p>\n<p>Erst 2014 hatte ich Fish in Wilhelmshaven <a href=\"http:\/\/soundundvision.org\/?p=154\" target=\"_blank\" rel=\"noopener noreferrer\">getroffen<\/a>, wo er gerade mit seiner letzten Studioplatte &#8222;A Feast Of Consequences&#8220; auf Tour war. Jetzt konnten wir in Oldenburg den Faden wieder aufnehmen.<\/p>\n<audio class=\"wp-audio-shortcode\" id=\"audio-510-1\" preload=\"none\" style=\"width: 100%;\" controls=\"controls\"><source type=\"audio\/mpeg\" src=\"http:\/\/soundundvision.org\/wp-content\/uploads\/2016\/01\/Fish-Kulturetage-25.11.15-Teil-1_1.Fassung_online.mp3?_=1\" \/><a href=\"http:\/\/soundundvision.org\/wp-content\/uploads\/2016\/01\/Fish-Kulturetage-25.11.15-Teil-1_1.Fassung_online.mp3\">http:\/\/soundundvision.org\/wp-content\/uploads\/2016\/01\/Fish-Kulturetage-25.11.15-Teil-1_1.Fassung_online.mp3<\/a><\/audio>\n<p><em>(Interview with Fish recorded <\/em><em>November 25, 2015<\/em><em> in <\/em><em>Oldenburg<\/em><em>, <\/em><em>Germany &#8211; Part 1<\/em><em>)<\/em><\/p>\n<p>2018 will Fish sich von der B\u00fchne verabschieden. N\u00e4chstes Jahr soll sein neues Album &#8222;Weltschmerz&#8220; erscheinen und auf der Tour dazu will er dann auch noch mal Songs vom letzten gemeinsamen Marillionalbum &#8222;Clutching At Straws&#8220; (1987) spielen. Danach folgt dann die endg\u00fcltige Abschiedstour.<\/p>\n<p>Aber neben &#8222;Misplaced Childhood&#8220; stehen bei den Fans momentan auch die Wiederver\u00f6ffentlichungen seiner Soloplatten aus den Jahren 1988 bis 2003 im Mittelpunkt des Interesses. Viele dieser Platten werden l\u00e4ngst nicht mehr aufgelegt und inzwischen hat der S\u00e4nger die Rechte an den damaligen Aufnahmen zur\u00fcckbekommen. Im Oktober erschienen mit &#8222;Sunsets On Empire&#8220; (1997) und &#8222;Raingods With Zippos&#8220; (1999) die ersten <a href=\"http:\/\/fishheads.club\/2015\/10\/19\/available-23rd-october-the-first-remasters-sunsets-on-empire-and-raingods-with-zippos\/\" target=\"_blank\" rel=\"noopener noreferrer\">Remasters<\/a>. Erstere hat er gr\u00f6\u00dftenteils mit S\u00e4nger und Gitarrist <a href=\"http:\/\/stevenwilsonhq.com\/\" target=\"_blank\" rel=\"noopener noreferrer\">Steven Wilson<\/a> (Porcupine Tree) komponiert. Auf &#8222;Raingods&#8220; Album ist Wilson dann nur noch als Gitarrist mit dabei. Im Dezember erschien dann mit &#8222;Fellini Days&#8220; (2001) die dritte Neuauflage. Ein lange kaum beachtetes Werk, dass mit ruhigen St\u00fccken und Experimenten in Richtung Elektronik und Trip-Hop-Sounds auch bei treuen Fans umstritten war.<\/p>\n<p><a href=\"http:\/\/soundundvision.org\/wp-content\/uploads\/2016\/01\/Fish_Remasters_2015.jpg\" rel=\"attachment wp-att-506\"><img loading=\"lazy\" decoding=\"async\" class=\"alignnone size-medium wp-image-506\" src=\"http:\/\/soundundvision.org\/wp-content\/uploads\/2016\/01\/Fish_Remasters_2015-300x225.jpg\" alt=\"Fish_Remasters_2015\" width=\"300\" height=\"225\" srcset=\"https:\/\/soundundvision.org\/wp-content\/uploads\/2016\/01\/Fish_Remasters_2015-300x225.jpg 300w, https:\/\/soundundvision.org\/wp-content\/uploads\/2016\/01\/Fish_Remasters_2015-768x576.jpg 768w, https:\/\/soundundvision.org\/wp-content\/uploads\/2016\/01\/Fish_Remasters_2015.jpg 1000w\" sizes=\"auto, (max-width: 300px) 100vw, 300px\" \/><\/a><\/p>\n<p>F\u00fcnf weitere Alben sollen in diesem Jahr noch folgen. Alle sind aufw\u00e4ndig remastert und haben neben dem Originalalbum jeweils noch eine zweite CD mit Demos und Outtakes und eine dritte CD mit Liveaufnahmen. Dazu gibt es jeweils ein ausf\u00fchrliches und umfangreiches Booklet in dem Fish detailliert die Entstehungs- und Produktionsgeschichte der jeweiligen Platte schildert. Ein zentraler Song von &#8222;Sunsets&#8220; wurde von ihm auch auf der Tour im Herbst wieder ins Programm genommen: <a href=\"https:\/\/www.youtube.com\/watch?v=oGhNjZXwg38\" target=\"_blank\" rel=\"noopener noreferrer\">&#8222;The Perception Of Johnny Punter&#8220;<\/a>. Das Lied widmete der S\u00e4nger den Opfern der Anschl\u00e4ge von Paris am 13. November, die nur 12 Tage vor unserem Interview passiert waren.<\/p>\n<audio class=\"wp-audio-shortcode\" id=\"audio-510-2\" preload=\"none\" style=\"width: 100%;\" controls=\"controls\"><source type=\"audio\/mpeg\" src=\"http:\/\/soundundvision.org\/wp-content\/uploads\/2016\/01\/Fish-Kulturetage-25.11.15-Teil-2_1.Fassung_online.mp3?_=2\" \/><a href=\"http:\/\/soundundvision.org\/wp-content\/uploads\/2016\/01\/Fish-Kulturetage-25.11.15-Teil-2_1.Fassung_online.mp3\">http:\/\/soundundvision.org\/wp-content\/uploads\/2016\/01\/Fish-Kulturetage-25.11.15-Teil-2_1.Fassung_online.mp3<\/a><\/audio>\n<p><em>(Interview with Fish recorded <\/em><em>November 25, 2015<\/em><em> in <\/em><em>Oldenburg<\/em><em>, <\/em><em>Germany &#8211; Part 2<\/em><em>)<\/em><\/p>\n<p>Bevor dann die Aufnahmen zum letzte Studioalbum &#8222;Weltschmerz&#8220; beginnen, wird es aber noch die allerletzten &#8222;Return To Childhood&#8220;-Shows geben. Dazu geh\u00f6rt auch noch mal ein Konzert im<a href=\"http:\/\/www.de-oosterpoort.nl\/\" target=\"_blank\" rel=\"noopener noreferrer\"> Groninger Oosterport<\/a> am 22. April. Weitere Shows in Deutschland werden noch <a href=\"http:\/\/fishheads.club\/2016\/01\/08\/farewell-to-childhood-april-shows-the-final-run-and-the-return-of-the-dancing-bear\/\" target=\"_blank\" rel=\"noopener noreferrer\">angek\u00fcndigt<\/a>.<\/p>\n<p><a href=\"http:\/\/fishheads.club\/\" target=\"_blank\" rel=\"noopener noreferrer\">Fishheads Club &#8211; Offizielle Homepage<\/a><br \/>\n<a href=\"http:\/\/shop.fishheads.club\/\" target=\"_blank\" rel=\"noopener noreferrer\">Fishheads Store<\/a><br \/>\n<a href=\"https:\/\/www.facebook.com\/derek.dick\" target=\"_blank\" rel=\"noopener noreferrer\">Facebookseite<\/a><br \/>\n<a href=\"https:\/\/twitter.com\/FishDerekDick\" target=\"_blank\" rel=\"noopener noreferrer\">Twitter<\/a><\/p>\n<p><a href=\"http:\/\/soundundvision.org\/wp-content\/uploads\/2016\/01\/Fish_Autogramm_2015.jpg\" rel=\"attachment wp-att-503\"><img loading=\"lazy\" decoding=\"async\" class=\"alignnone size-medium wp-image-503\" src=\"http:\/\/soundundvision.org\/wp-content\/uploads\/2016\/01\/Fish_Autogramm_2015-300x225.jpg\" alt=\"Fish_Autogramm_2015\" width=\"300\" height=\"225\" srcset=\"https:\/\/soundundvision.org\/wp-content\/uploads\/2016\/01\/Fish_Autogramm_2015-300x225.jpg 300w, https:\/\/soundundvision.org\/wp-content\/uploads\/2016\/01\/Fish_Autogramm_2015-768x576.jpg 768w, https:\/\/soundundvision.org\/wp-content\/uploads\/2016\/01\/Fish_Autogramm_2015.jpg 1000w\" sizes=\"auto, (max-width: 300px) 100vw, 300px\" \/><\/a><\/p>\n<p><iframe loading=\"lazy\" title=\"01 The Perception of Johnny Punter - Fish - Sunsets On Empire\" width=\"860\" height=\"484\" src=\"https:\/\/www.youtube.com\/embed\/oGhNjZXwg38?feature=oembed\" frameborder=\"0\" allow=\"accelerometer; autoplay; encrypted-media; gyroscope; picture-in-picture\" allowfullscreen><\/iframe><\/p>\n<p><iframe loading=\"lazy\" width=\"860\" height=\"645\" src=\"https:\/\/www.youtube.com\/embed\/0_RyIXkf5-A?feature=oembed\" frameborder=\"0\" allow=\"autoplay; encrypted-media\" allowfullscreen><\/iframe><\/p>\n","protected":false},"excerpt":{"rendered":"<p>Anfang der achtziger Jahre waren Marillion die richtige Band zur v\u00f6llig falschen Zeit. W\u00e4hrend die ehemaligen Supergruppen des Progressive Rock wie Yes oder Genesis l\u00e4ngst [&#8230;]<\/p>\n","protected":false},"author":1,"featured_media":505,"comment_status":"closed","ping_status":"closed","sticky":false,"template":"","format":"standard","meta":{"footnotes":""},"categories":[4],"tags":[38,36,83,10,84,37,81,82],"class_list":["post-510","post","type-post","status-publish","format-standard","has-post-thumbnail","hentry","category-interviews","tag-a-feast-of-consequences","tag-fish","tag-kayleigh","tag-konzert","tag-kulturetage","tag-marillion","tag-misplaced-childhood","tag-return-to-childhood"],"_links":{"self":[{"href":"https:\/\/soundundvision.org\/index.php?rest_route=\/wp\/v2\/posts\/510","targetHints":{"allow":["GET"]}}],"collection":[{"href":"https:\/\/soundundvision.org\/index.php?rest_route=\/wp\/v2\/posts"}],"about":[{"href":"https:\/\/soundundvision.org\/index.php?rest_route=\/wp\/v2\/types\/post"}],"author":[{"embeddable":true,"href":"https:\/\/soundundvision.org\/index.php?rest_route=\/wp\/v2\/users\/1"}],"replies":[{"embeddable":true,"href":"https:\/\/soundundvision.org\/index.php?rest_route=%2Fwp%2Fv2%2Fcomments&post=510"}],"version-history":[{"count":0,"href":"https:\/\/soundundvision.org\/index.php?rest_route=\/wp\/v2\/posts\/510\/revisions"}],"wp:featuredmedia":[{"embeddable":true,"href":"https:\/\/soundundvision.org\/index.php?rest_route=\/wp\/v2\/media\/505"}],"wp:attachment":[{"href":"https:\/\/soundundvision.org\/index.php?rest_route=%2Fwp%2Fv2%2Fmedia&parent=510"}],"wp:term":[{"taxonomy":"category","embeddable":true,"href":"https:\/\/soundundvision.org\/index.php?rest_route=%2Fwp%2Fv2%2Fcategories&post=510"},{"taxonomy":"post_tag","embeddable":true,"href":"https:\/\/soundundvision.org\/index.php?rest_route=%2Fwp%2Fv2%2Ftags&post=510"}],"curies":[{"name":"wp","href":"https:\/\/api.w.org\/{rel}","templated":true}]}}