{"id":880,"date":"2017-03-03T07:52:35","date_gmt":"2017-03-03T06:52:35","guid":{"rendered":"http:\/\/soundundvision.org\/?p=880"},"modified":"2019-09-08T20:28:19","modified_gmt":"2019-09-08T18:28:19","slug":"interview-mit-nils-warnecke","status":"publish","type":"post","link":"https:\/\/soundundvision.org\/?p=880","title":{"rendered":"Interview mit Nils Warnecke"},"content":{"rendered":"<p><i>Berlinale 2017 &#8211; \u201eThings To Come\u201c &#8211; Die Ausstellung zur Retrospektive<\/i><\/p>\n<p>Parallel zur diesj\u00e4hrigen Retrospektive der Berlinale mit dem Titel <a href=\"https:\/\/www.berlinale.de\/de\/das_festival\/sektionen_sonderveranstaltungen\/retrospektive\/index.html\" target=\"_blank\" rel=\"noopener noreferrer\">\u201eFuture Imperfect\u201c<\/a> gibt es auch in diesem Jahr wieder eine Ausstellung im <a href=\"https:\/\/www.deutsche-kinemathek.de\/\" target=\"_blank\" rel=\"noopener noreferrer\">Museum f\u00fcr Film und Fernsehen der Deutschen Kinemathek<\/a> direkt am Potsdamer Platz. Nils Warnecke von der Kinemathek ist einer der Kuratoren der Ausstellung.<\/p>\n<audio class=\"wp-audio-shortcode\" id=\"audio-880-1\" preload=\"none\" style=\"width: 100%;\" controls=\"controls\"><source type=\"audio\/mpeg\" src=\"http:\/\/soundundvision.org\/wp-content\/uploads\/2017\/03\/Interview-Nils-Warnecke-Kinemathek-130217_lang_192.mp3?_=1\" \/><a href=\"http:\/\/soundundvision.org\/wp-content\/uploads\/2017\/03\/Interview-Nils-Warnecke-Kinemathek-130217_lang_192.mp3\">http:\/\/soundundvision.org\/wp-content\/uploads\/2017\/03\/Interview-Nils-Warnecke-Kinemathek-130217_lang_192.mp3<\/a><\/audio>\n<p><em>(Radiointerview mit Nils Warnecke. Aufgenommen am 16. Februar 2017 im Museum f\u00fcr Film und Fernsehen Berlin)<\/em><\/p>\n<p><a href=\"http:\/\/soundundvision.org\/wp-content\/uploads\/2017\/03\/Banner.jpg\"><img loading=\"lazy\" decoding=\"async\" class=\"alignnone size-medium wp-image-872\" src=\"http:\/\/soundundvision.org\/wp-content\/uploads\/2017\/03\/Banner-300x222.jpg\" alt=\"\" width=\"300\" height=\"222\" srcset=\"https:\/\/soundundvision.org\/wp-content\/uploads\/2017\/03\/Banner-300x222.jpg 300w, https:\/\/soundundvision.org\/wp-content\/uploads\/2017\/03\/Banner-768x568.jpg 768w, https:\/\/soundundvision.org\/wp-content\/uploads\/2017\/03\/Banner.jpg 1000w\" sizes=\"auto, (max-width: 300px) 100vw, 300px\" \/><\/a><\/p>\n<p>Die 27 Filme der Retrospektive geh\u00f6rten zu den Publikumsmagneten der diesj\u00e4hrigen <a href=\"https:\/\/www.berlinale.de\/de\/HomePage.html\" target=\"_blank\" rel=\"noopener noreferrer\">Berlinale<\/a>. D\u00fcstere Zukunftsvisionen wie die erste Verfilmung von George Orwell <a href=\"https:\/\/de.wikipedia.org\/wiki\/Neunzehnhundertvierundachtzig\" target=\"_blank\" rel=\"noopener noreferrer\">\u201e1984\u201c<\/a> von Michael Anderson (GB\/USA 1956), die selten gezeigte russische Atomkriegs-Apokalypse <a href=\"https:\/\/de.wikipedia.org\/wiki\/Briefe_eines_Toten\" target=\"_blank\" rel=\"noopener noreferrer\">\u201eBriefe eines Toten\u201c<\/a> von Konstantin Lopuschanksi (UdSSR 1986) oder die Wiederauff\u00fchrung von Wolf Gremms Sci-Fi-Groteske <a href=\"https:\/\/de.wikipedia.org\/wiki\/Kamikaze_1989\" target=\"_blank\" rel=\"noopener noreferrer\">\u201eKamikaze 1989\u201c<\/a> (BRD 1982) mit Rainer Werner Fassbinder in der Hauptrolle sorgten jedes mal f\u00fcr lange Schlangen und volle Kinos\u00e4le.<\/p>\n<p><a href=\"http:\/\/soundundvision.org\/wp-content\/uploads\/2017\/03\/Ausstellungsplakate.jpg\"><img loading=\"lazy\" decoding=\"async\" class=\"alignnone size-medium wp-image-871\" src=\"http:\/\/soundundvision.org\/wp-content\/uploads\/2017\/03\/Ausstellungsplakate-300x222.jpg\" alt=\"\" width=\"300\" height=\"222\" srcset=\"https:\/\/soundundvision.org\/wp-content\/uploads\/2017\/03\/Ausstellungsplakate-300x222.jpg 300w, https:\/\/soundundvision.org\/wp-content\/uploads\/2017\/03\/Ausstellungsplakate-768x568.jpg 768w, https:\/\/soundundvision.org\/wp-content\/uploads\/2017\/03\/Ausstellungsplakate.jpg 1000w\" sizes=\"auto, (max-width: 300px) 100vw, 300px\" \/><\/a><\/p>\n<p>Die Ausstellung \u201eThings To Come\u201c l\u00e4uft noch bis zum 23. April. Mehr Infos dazu gibt es im Internet auf der Seite der <a href=\"https:\/\/de.wikipedia.org\/wiki\/Kamikaze_1989\" target=\"_blank\" rel=\"noopener noreferrer\">Deutschen Kinemathek<\/a>.<\/p>\n<p>Au\u00dferdem sind begleitend zur Retrospektive zwei lesenswerte Publikationen erschienen. \u201eFuture Imperfect\u201c bietet erg\u00e4nzende analytische Essays zu den Themen der gezeigte Science-Fiction-Klassiker und ist bei <a href=\"http:\/\/www.bertz-fischer.de\/product_info.php?products_id=508\" target=\"_blank\" rel=\"noopener noreferrer\">Bertz + Fischer<\/a> erschienen (in englischer Sprache). Der umfangreiche Katalog \u201eThings To Come\u201c beleuchtet die verschiedenen Bereiche der Ausstellung und informiert nat\u00fcrlich \u00fcber die oft einzigartigen Ausstellungsst\u00fccke. Erschienen ist der Katalog beim Bielefelder <a href=\"https:\/\/www.kerberverlag.com\/de\/things-to-come.html\" target=\"_blank\" rel=\"noopener noreferrer\">Kerber Verlag<\/a>.<\/p>\n<p><a href=\"http:\/\/soundundvision.org\/wp-content\/uploads\/2017\/03\/Katalog.jpg\"><img loading=\"lazy\" decoding=\"async\" class=\"alignnone size-medium wp-image-881\" src=\"http:\/\/soundundvision.org\/wp-content\/uploads\/2017\/03\/Katalog-300x222.jpg\" alt=\"\" width=\"300\" height=\"222\" srcset=\"https:\/\/soundundvision.org\/wp-content\/uploads\/2017\/03\/Katalog-300x222.jpg 300w, https:\/\/soundundvision.org\/wp-content\/uploads\/2017\/03\/Katalog-768x568.jpg 768w, https:\/\/soundundvision.org\/wp-content\/uploads\/2017\/03\/Katalog.jpg 1000w\" sizes=\"auto, (max-width: 300px) 100vw, 300px\" \/><\/a><\/p>\n<p><i>Eine k\u00fcrzere Fassung dieses Interviews lief bereits in der Radiosendung \u201eFilmriss \u2013 das Berlinalemagazin\u201c, die jedes Jahr zur Berlinale t\u00e4glich bei Kiel FM, L\u00fcbeck FM, Oldenburg Eins, Tide 96,0 in Hamburg, Stadtradio G\u00f6ttingen und Westk\u00fcste FM zu h\u00f6ren ist.<\/i><\/p>\n","protected":false},"excerpt":{"rendered":"<p>Berlinale 2017 &#8211; \u201eThings To Come\u201c &#8211; Die Ausstellung zur Retrospektive Parallel zur diesj\u00e4hrigen Retrospektive der Berlinale mit dem Titel \u201eFuture Imperfect\u201c gibt es auch [&#8230;]<\/p>\n","protected":false},"author":1,"featured_media":877,"comment_status":"closed","ping_status":"closed","sticky":false,"template":"","format":"standard","meta":{"footnotes":""},"categories":[157,4],"tags":[76,142,143,144,8,145],"class_list":["post-880","post","type-post","status-publish","format-standard","has-post-thumbnail","hentry","category-berlinale","category-interviews","tag-berlinale","tag-deutsche-kinemathek","tag-future-imperfect","tag-nils-warnecke","tag-oldenburg","tag-retrospektive"],"_links":{"self":[{"href":"https:\/\/soundundvision.org\/index.php?rest_route=\/wp\/v2\/posts\/880","targetHints":{"allow":["GET"]}}],"collection":[{"href":"https:\/\/soundundvision.org\/index.php?rest_route=\/wp\/v2\/posts"}],"about":[{"href":"https:\/\/soundundvision.org\/index.php?rest_route=\/wp\/v2\/types\/post"}],"author":[{"embeddable":true,"href":"https:\/\/soundundvision.org\/index.php?rest_route=\/wp\/v2\/users\/1"}],"replies":[{"embeddable":true,"href":"https:\/\/soundundvision.org\/index.php?rest_route=%2Fwp%2Fv2%2Fcomments&post=880"}],"version-history":[{"count":0,"href":"https:\/\/soundundvision.org\/index.php?rest_route=\/wp\/v2\/posts\/880\/revisions"}],"wp:featuredmedia":[{"embeddable":true,"href":"https:\/\/soundundvision.org\/index.php?rest_route=\/wp\/v2\/media\/877"}],"wp:attachment":[{"href":"https:\/\/soundundvision.org\/index.php?rest_route=%2Fwp%2Fv2%2Fmedia&parent=880"}],"wp:term":[{"taxonomy":"category","embeddable":true,"href":"https:\/\/soundundvision.org\/index.php?rest_route=%2Fwp%2Fv2%2Fcategories&post=880"},{"taxonomy":"post_tag","embeddable":true,"href":"https:\/\/soundundvision.org\/index.php?rest_route=%2Fwp%2Fv2%2Ftags&post=880"}],"curies":[{"name":"wp","href":"https:\/\/api.w.org\/{rel}","templated":true}]}}